{"id":103506,"date":"2022-02-19T22:40:29","date_gmt":"2022-02-20T01:40:29","guid":{"rendered":"https:\/\/www.locoxelrojo.com\/independiente\/?p=103506"},"modified":"2022-02-20T01:10:59","modified_gmt":"2022-02-20T04:10:59","slug":"bacchia-pude-ayudar-al-equipo-a-rescatar-un-punto","status":"publish","type":"post","link":"https:\/\/www.locoxelrojo.com\/independiente\/2022\/02\/19\/bacchia-pude-ayudar-al-equipo-a-rescatar-un-punto\/","title":{"rendered":"Bacchia: &#8220;Pude ayudar al equipo a rescatar un punto&#8221;"},"content":{"rendered":"<p><strong>Renzo Bacchia<\/strong> <a href=\"https:\/\/www.locoxelrojo.com\/independiente\/2022\/02\/19\/debut-oficial-de-bacchia\/\">tuvo su debut profesional en el arco de Independiente<\/a> y<strong> se mostr\u00f3 conforme con el rendimiento del equipo en el empate 0-0 frente a V\u00e9lez.<\/strong><\/p>\n<p><strong>&#8220;Nos vamos con sensaciones desencontradas, tuvimos la posibilidad de jugar con un hombre de m\u00e1s y no pudimos aprovecharlo&#8221;<\/strong>, comenz\u00f3 analizando el arquero uruguayo.<\/p>\n<p>En la misma l\u00ednea, sobre el rendimiento del equipo, el golero manifest\u00f3: <strong>&#8220;Creo que hicimos un buen partido, nos falt\u00f3 el gol. El equipo corri\u00f3 mucho y se dej\u00f3 todo&#8221;.<\/strong><\/p>\n<p>Tambi\u00e9n, el jugador de 23 a\u00f1os habl\u00f3 sobre c\u00f3mo se sinti\u00f3 en su estreno defendiendo el arco del Rey de Copas:<strong> &#8220;El amistoso con Talleres me sirvi\u00f3 mucho para estar m\u00e1s tranquilo, pude ayudar al equipo a rescatar un punto en esta cancha tan dif\u00edcil&#8221;.<\/strong><\/p>\n<p><strong>&#8220;Hay que seguir mejorando porque esto es largo, se viene un gran partido con Boca&#8221;<\/strong>, concluy\u00f3 Bacchia apuntando al pr\u00f3ximo encuentro del Rojo.<\/p>\n<blockquote class=\"twitter-tweet\">\n<p dir=\"ltr\" lang=\"es\">&#8220;ESO NOS SIRVE A LOS DOS&#8221; declar\u00f3 Renzo Bacchia y se mostr\u00f3 sorprendido por el gran estado del campo de juego en Liniers. <a href=\"https:\/\/t.co\/QxHoDwwoRA\">pic.twitter.com\/QxHoDwwoRA<\/a><\/p>\n<p>\u2014 SportsCenter (@SC_ESPN) <a href=\"https:\/\/twitter.com\/SC_ESPN\/status\/1495226633757802496?ref_src=twsrc%5Etfw\">February 20, 2022<\/a><\/p><\/blockquote>\n<p><script async src=\"https:\/\/platform.twitter.com\/widgets.js\" charset=\"utf-8\"><\/script><\/p>\n","protected":false},"excerpt":{"rendered":"<p>Renzo Bacchia tuvo su debut profesional en el arco de Independiente y se mostr\u00f3 conforme con el rendimiento del equipo en el empate 0-0 frente a V\u00e9lez. &#8220;Nos vamos con sensaciones desencontradas, tuvimos la posibilidad de jugar con un hombre de m\u00e1s y no pudimos aprovecharlo&#8221;, comenz\u00f3 analizando el arquero uruguayo. En la misma l\u00ednea, [&hellip;]<\/p>\n","protected":false},"author":101029,"featured_media":103507,"comment_status":"open","ping_status":"closed","sticky":false,"template":"","format":"standard","meta":{"_links_to":"","_links_to_target":""},"categories":[3247,3],"tags":[153,5127,4519,3958,213],"_links":{"self":[{"href":"https:\/\/www.locoxelrojo.com\/independiente\/wp-json\/wp\/v2\/posts\/103506"}],"collection":[{"href":"https:\/\/www.locoxelrojo.com\/independiente\/wp-json\/wp\/v2\/posts"}],"about":[{"href":"https:\/\/www.locoxelrojo.com\/independiente\/wp-json\/wp\/v2\/types\/post"}],"author":[{"embeddable":true,"href":"https:\/\/www.locoxelrojo.com\/independiente\/wp-json\/wp\/v2\/users\/101029"}],"replies":[{"embeddable":true,"href":"https:\/\/www.locoxelrojo.com\/independiente\/wp-json\/wp\/v2\/comments?post=103506"}],"version-history":[{"count":2,"href":"https:\/\/www.locoxelrojo.com\/independiente\/wp-json\/wp\/v2\/posts\/103506\/revisions"}],"predecessor-version":[{"id":103509,"href":"https:\/\/www.locoxelrojo.com\/independiente\/wp-json\/wp\/v2\/posts\/103506\/revisions\/103509"}],"wp:featuredmedia":[{"embeddable":true,"href":"https:\/\/www.locoxelrojo.com\/independiente\/wp-json\/wp\/v2\/media\/103507"}],"wp:attachment":[{"href":"https:\/\/www.locoxelrojo.com\/independiente\/wp-json\/wp\/v2\/media?parent=103506"}],"wp:term":[{"taxonomy":"category","embeddable":true,"href":"https:\/\/www.locoxelrojo.com\/independiente\/wp-json\/wp\/v2\/categories?post=103506"},{"taxonomy":"post_tag","embeddable":true,"href":"https:\/\/www.locoxelrojo.com\/independiente\/wp-json\/wp\/v2\/tags?post=103506"}],"curies":[{"name":"wp","href":"https:\/\/api.w.org\/{rel}","templated":true}]}}