{"id":103591,"date":"2022-02-24T15:31:27","date_gmt":"2022-02-24T18:31:27","guid":{"rendered":"https:\/\/www.locoxelrojo.com\/independiente\/?p=103591"},"modified":"2022-02-24T15:31:27","modified_gmt":"2022-02-24T18:31:27","slug":"benegas-en-la-cancha-trato-de-representar-al-hincha","status":"publish","type":"post","link":"https:\/\/www.locoxelrojo.com\/independiente\/2022\/02\/24\/benegas-en-la-cancha-trato-de-representar-al-hincha\/","title":{"rendered":"Benegas: &#8220;En la cancha trato de representar al hincha&#8221;"},"content":{"rendered":"<p>Luego del entrenamiento de este jueves en Villa Dominico, Juan Manuel Isaurralde y Leandro Benegas hablaron en conferencia de prensa. <strong>El delantero se refiri\u00f3 a como se dio su llegada al club, como se encuentra, para cu\u00e1ndo podr\u00eda estar y sus caracter\u00edsticas como futbolista.<\/strong><\/p>\n<p><strong>&#8220;Se comunico conmigo el Rolfi y me expres\u00f3 su intenci\u00f3n de que llegara al club. No hubo muchas dudas, ten\u00edas ganas de un desaf\u00edo como este, me encuentra muy motivado con energ\u00eda para llevarlo adelante&#8221;<\/strong>, comenz\u00f3.<\/p>\n<p>Por otra parte, coment\u00f3 como esta con su puesta a punto y si podr\u00eda ser titular pronto: <strong>&#8220;Ya llevo m\u00e1s de una semana de mini pretemporada, poni\u00e9ndome a punto. Veremos lo que decida el entrenador, como me encuentra y si puedo ayudar al equipo&#8221;.<\/strong><\/p>\n<p>Y adem\u00e1s agreg\u00f3: <strong>&#8220;No he hablado nada de eso, yo solamente me puse a trabajar y a ponerme bien de lo f\u00edsico, estar bien pronto para cuando \u00e9l me necesit\u00e9. Estamos luchando contra el tiempo porque me toco llegar sobre la hora, si decide tirarme en la cancha vamos hacer lo mejor posible para que al equipo le vaya bien&#8221;<\/strong>.<\/p>\n<p>Al ser consultado con clase de jugador se va a encontrar el hincha, asegur\u00f3: <strong>&#8220;Se va a encontrar con un jugador que trata de representarlos adentro de la cancha en entrega y juego, obvio que me traen para hacer goles, pero principalmente juego en equipo. Siempre trato de ser el primer defensor cuando la pelota no se tiene, soy de batallar bastante, tratar de hacer goles que es lo m\u00e1s importante y para lo que me trajeron&#8221;.<\/strong><\/p>\n<p>Para cerrar, habl\u00f3 del duelo con Boca, ante la posibilidad de que este entre los convocados manifest\u00f3: <strong>&#8220;Ojal\u00e1, veremos que decide el t\u00e9cnico, las ganas est\u00e1n. Uno tiene much\u00edsimas ganas y quiere, pero esas son decisiones del t\u00e9cnico, solamente me queda trabajar y hacer todo lo posible para que pueda contar conmigo. Tenemos un gran equipo, jugadores muy importantes que pueden hacer la diferencia, le podemos jugar de igual a igual y sacar un buen resultado\u201d.<\/strong><\/p>\n","protected":false},"excerpt":{"rendered":"<p>Luego del entrenamiento de este jueves en Villa Dominico, Juan Manuel Isaurralde y Leandro Benegas hablaron en conferencia de prensa. El delantero se refiri\u00f3 a como se dio su llegada al club, como se encuentra, para cu\u00e1ndo podr\u00eda estar y sus caracter\u00edsticas como futbolista. &#8220;Se comunico conmigo el Rolfi y me expres\u00f3 su intenci\u00f3n de [&hellip;]<\/p>\n","protected":false},"author":101025,"featured_media":103592,"comment_status":"open","ping_status":"closed","sticky":false,"template":"","format":"standard","meta":{"_links_to":"","_links_to_target":""},"categories":[3247,3],"tags":[153,5128],"_links":{"self":[{"href":"https:\/\/www.locoxelrojo.com\/independiente\/wp-json\/wp\/v2\/posts\/103591"}],"collection":[{"href":"https:\/\/www.locoxelrojo.com\/independiente\/wp-json\/wp\/v2\/posts"}],"about":[{"href":"https:\/\/www.locoxelrojo.com\/independiente\/wp-json\/wp\/v2\/types\/post"}],"author":[{"embeddable":true,"href":"https:\/\/www.locoxelrojo.com\/independiente\/wp-json\/wp\/v2\/users\/101025"}],"replies":[{"embeddable":true,"href":"https:\/\/www.locoxelrojo.com\/independiente\/wp-json\/wp\/v2\/comments?post=103591"}],"version-history":[{"count":1,"href":"https:\/\/www.locoxelrojo.com\/independiente\/wp-json\/wp\/v2\/posts\/103591\/revisions"}],"predecessor-version":[{"id":103593,"href":"https:\/\/www.locoxelrojo.com\/independiente\/wp-json\/wp\/v2\/posts\/103591\/revisions\/103593"}],"wp:featuredmedia":[{"embeddable":true,"href":"https:\/\/www.locoxelrojo.com\/independiente\/wp-json\/wp\/v2\/media\/103592"}],"wp:attachment":[{"href":"https:\/\/www.locoxelrojo.com\/independiente\/wp-json\/wp\/v2\/media?parent=103591"}],"wp:term":[{"taxonomy":"category","embeddable":true,"href":"https:\/\/www.locoxelrojo.com\/independiente\/wp-json\/wp\/v2\/categories?post=103591"},{"taxonomy":"post_tag","embeddable":true,"href":"https:\/\/www.locoxelrojo.com\/independiente\/wp-json\/wp\/v2\/tags?post=103591"}],"curies":[{"name":"wp","href":"https:\/\/api.w.org\/{rel}","templated":true}]}}