{"id":103606,"date":"2022-02-25T15:10:58","date_gmt":"2022-02-25T18:10:58","guid":{"rendered":"https:\/\/www.locoxelrojo.com\/independiente\/?p=103606"},"modified":"2022-02-25T15:46:20","modified_gmt":"2022-02-25T18:46:20","slug":"dominguez-aun-no-definio-el-equipo","status":"publish","type":"post","link":"https:\/\/www.locoxelrojo.com\/independiente\/2022\/02\/25\/dominguez-aun-no-definio-el-equipo\/","title":{"rendered":"Dom\u00ednguez a\u00fan no defini\u00f3 el equipo"},"content":{"rendered":"<p><span lang=\"es-ES\">Independiente recibe a Boca el pr\u00f3ximo s\u00e1bado desde las 21:30 en el estadio Libertadores de Am\u00e9rica Ricardo Bochini y <strong>Eduardo Dom\u00ednguez a\u00fan no defini\u00f3 el equipo. \u00bfQu\u00e9 dudas tiene el entrenador para jugar ante el Xeneize?<\/strong><\/span><\/p>\n<p><span lang=\"es-ES\">El entrenador mantiene una duda de cara al duelo ante el Xeneize, <strong>la misma es en el lateral izquierdo, y la misma que viene teniendo en los \u00faltimos encuentros: si decide mantener al joven Thomas Ortega o que ingrese Lucas Rodr\u00edguez<\/strong>. El ex Tigre no juega hace meses.<\/span><\/p>\n<p><span lang=\"es-ES\">Otra inc\u00f3gnita que surgi\u00f3 fue la posible salida de Alan So\u00f1ora, ya que en la semana el DT incluy\u00f3 a Gast\u00f3n Togni en su lugar, siendo Andr\u00e9s Roa quien se ubicar\u00eda detr\u00e1s de Leandro Fern\u00e1ndez. <strong>De todas formas, en la ultima practica de futbol So\u00f1ora permaneci\u00f3 en su lugar.<\/strong><\/span><\/p>\n<p><span lang=\"es-ES\">A\u00fan resta saber qu\u00e9 ocurrir\u00e1 con esas dos posibles variantes, si solo fueron pruebas o si mete mano en el equipo. <strong>El once que par\u00f3 en el entrenamiento del jueves fue: Renzo Bacchia; Alex Vigo, Sergio Barreto, Juan Manuel Insaurralde, Lucas Rodr\u00edguez; Carlos Benav\u00eddez, Lucas Romero; Dami\u00e1n Batallini, Andr\u00e9s Roa, So\u00f1ora, Leandro Fern\u00e1ndez.<\/strong><\/span><\/p>\n<p><strong><span lang=\"es-ES\">As\u00ed la \u00fanica variante seria en el lateral izquierdo, esto en funci\u00f3n del rival, ya que Boca tiene gran peso de ataque por su sector derecho.<\/span><\/strong><\/p>\n","protected":false},"excerpt":{"rendered":"<p>Independiente recibe a Boca el pr\u00f3ximo s\u00e1bado desde las 21:30 en el estadio Libertadores de Am\u00e9rica Ricardo Bochini y Eduardo Dom\u00ednguez a\u00fan no defini\u00f3 el equipo. \u00bfQu\u00e9 dudas tiene el entrenador para jugar ante el Xeneize? El entrenador mantiene una duda de cara al duelo ante el Xeneize, la misma es en el lateral izquierdo, [&hellip;]<\/p>\n","protected":false},"author":101025,"featured_media":103340,"comment_status":"open","ping_status":"closed","sticky":false,"template":"","format":"standard","meta":{"_links_to":"","_links_to_target":""},"categories":[3247,3,1],"tags":[193,153,2207,4647,4088],"_links":{"self":[{"href":"https:\/\/www.locoxelrojo.com\/independiente\/wp-json\/wp\/v2\/posts\/103606"}],"collection":[{"href":"https:\/\/www.locoxelrojo.com\/independiente\/wp-json\/wp\/v2\/posts"}],"about":[{"href":"https:\/\/www.locoxelrojo.com\/independiente\/wp-json\/wp\/v2\/types\/post"}],"author":[{"embeddable":true,"href":"https:\/\/www.locoxelrojo.com\/independiente\/wp-json\/wp\/v2\/users\/101025"}],"replies":[{"embeddable":true,"href":"https:\/\/www.locoxelrojo.com\/independiente\/wp-json\/wp\/v2\/comments?post=103606"}],"version-history":[{"count":1,"href":"https:\/\/www.locoxelrojo.com\/independiente\/wp-json\/wp\/v2\/posts\/103606\/revisions"}],"predecessor-version":[{"id":103607,"href":"https:\/\/www.locoxelrojo.com\/independiente\/wp-json\/wp\/v2\/posts\/103606\/revisions\/103607"}],"wp:featuredmedia":[{"embeddable":true,"href":"https:\/\/www.locoxelrojo.com\/independiente\/wp-json\/wp\/v2\/media\/103340"}],"wp:attachment":[{"href":"https:\/\/www.locoxelrojo.com\/independiente\/wp-json\/wp\/v2\/media?parent=103606"}],"wp:term":[{"taxonomy":"category","embeddable":true,"href":"https:\/\/www.locoxelrojo.com\/independiente\/wp-json\/wp\/v2\/categories?post=103606"},{"taxonomy":"post_tag","embeddable":true,"href":"https:\/\/www.locoxelrojo.com\/independiente\/wp-json\/wp\/v2\/tags?post=103606"}],"curies":[{"name":"wp","href":"https:\/\/api.w.org\/{rel}","templated":true}]}}