{"id":103974,"date":"2022-03-17T18:00:16","date_gmt":"2022-03-17T21:00:16","guid":{"rendered":"https:\/\/www.locoxelrojo.com\/independiente\/?p=103974"},"modified":"2022-03-18T10:01:12","modified_gmt":"2022-03-18T13:01:12","slug":"poblete-fue-presentado-y-poso-con-la-camiseta-de-independiente","status":"publish","type":"post","link":"https:\/\/www.locoxelrojo.com\/independiente\/2022\/03\/17\/poblete-fue-presentado-y-poso-con-la-camiseta-de-independiente\/","title":{"rendered":"Poblete fue presentado y pos\u00f3 con la camiseta de Independiente"},"content":{"rendered":"<p><strong>Ger\u00f3nimo Poblete<\/strong>,<a href=\"https:\/\/www.locoxelrojo.com\/independiente\/2022\/03\/15\/de-ucrania-a-independiente-poblete-nuevo-refuerzo\/\"> refuerzo sorpresa<\/a>,<strong> firm\u00f3 su contrato profesional con <a href=\"https:\/\/www.locoxelrojo.com\/independiente\/\">Independiente<\/a> y se convirti\u00f3 oficialmente en la s\u00e9ptima incorporaci\u00f3n del equipo de Eduardo Dom\u00ednguez.<\/strong><\/p>\n<p>El volante central, proveniente del <strong>Metallist<\/strong>, <strong>sell\u00f3 su vinculaci\u00f3n con el Rey de Copas a pr\u00e9stamo y sin cargo hasta el 30 de junio de 2022<\/strong>. Tras el conflicto b\u00e9lico entre <strong>Ucrania<\/strong> y <strong>Rusia<\/strong>, <strong>la FIFA determin\u00f3 que los jugadores de la liga ucraniana puedan unirse a cualquier club del mundo como agentes libres<\/strong>, lo que posibilit\u00f3 su llegada al Rojo.<\/p>\n<p><strong>El mediocampista de 29 a\u00f1os super\u00f3 con \u00e9xito la revisi\u00f3n m\u00e9dica realizada en el sanatorio Rossi y quedo ratificada la llegada del ex Col\u00f3n de Santa Fe, San Lorenzo y V\u00e9lez<\/strong> (en el f\u00fatbol argentino) a trav\u00e9s de las redes sociales de la instituci\u00f3n. Posteriormente, puso el gancho.<\/p>\n<p><strong>Dom\u00ednguez<\/strong> suma una variante interesante en el centro del campo q<strong>ue ya conoce tras su paso por el Sabalero entre 2016 y 2017<\/strong>. Adem\u00e1s, cabe recordar, <strong>el jugador estuvo <a href=\"https:\/\/www.locoxelrojo.com\/independiente\/2021\/02\/19\/poblete-explico-por-que-no-vino-a-independiente\/\">muy cerca de recalar en Independiente a comienzos del a\u00f1o pasado<\/a><\/strong>, pero se termin\u00f3 inclinando por el Fort\u00edn.<\/p>\n<p>De esta manera, <strong>Poblete se suma a Dami\u00e1n Batallini, Leandro Fern\u00e1ndez, Alex Vigo y Leandro Benegas como refuerzos en la actual temporada<\/strong>, adem\u00e1s de <strong>Lucas Rodr\u00edguez<\/strong> y <strong>Sebasti\u00e1n Sosa<\/strong>, quienes extendieron sus respectivos pr\u00e9stamos.<\/p>\n<blockquote class=\"twitter-tweet\">\n<p dir=\"ltr\" lang=\"es\">\u00a1Poblete es del Rojo!<\/p>\n<p>Ger\u00f3nimo es nuevo jugador de <a href=\"https:\/\/twitter.com\/hashtag\/Independiente?src=hash&amp;ref_src=twsrc%5Etfw\">#Independiente<\/a> y firmar\u00e1 su contrato en las pr\u00f3ximas horas &#x1f51c;<\/p>\n<p>\u00a1Bienvenido al Rey de Copas! &#x2764;&#xfe0f;<a href=\"https:\/\/twitter.com\/hashtag\/TodoRojo?src=hash&amp;ref_src=twsrc%5Etfw\">#TodoRojo<\/a> &#x1f534; <a href=\"https:\/\/t.co\/7QzkxxZVjC\">pic.twitter.com\/7QzkxxZVjC<\/a><\/p>\n<p>\u2014 C. A. Independiente (@Independiente) <a href=\"https:\/\/twitter.com\/Independiente\/status\/1504491644422348802?ref_src=twsrc%5Etfw\">March 17, 2022<\/a><\/p><\/blockquote>\n<p><script async src=\"https:\/\/platform.twitter.com\/widgets.js\" charset=\"utf-8\"><\/script><\/p>\n","protected":false},"excerpt":{"rendered":"<p>Ger\u00f3nimo Poblete, refuerzo sorpresa, firm\u00f3 su contrato profesional con Independiente y se convirti\u00f3 oficialmente en la s\u00e9ptima incorporaci\u00f3n del equipo de Eduardo Dom\u00ednguez. El volante central, proveniente del Metallist, sell\u00f3 su vinculaci\u00f3n con el Rey de Copas a pr\u00e9stamo y sin cargo hasta el 30 de junio de 2022. Tras el conflicto b\u00e9lico entre Ucrania [&hellip;]<\/p>\n","protected":false},"author":101027,"featured_media":103975,"comment_status":"open","ping_status":"closed","sticky":false,"template":"","format":"standard","meta":{"_links_to":"","_links_to_target":""},"categories":[3247,3],"tags":[153,4789,1665,3452],"_links":{"self":[{"href":"https:\/\/www.locoxelrojo.com\/independiente\/wp-json\/wp\/v2\/posts\/103974"}],"collection":[{"href":"https:\/\/www.locoxelrojo.com\/independiente\/wp-json\/wp\/v2\/posts"}],"about":[{"href":"https:\/\/www.locoxelrojo.com\/independiente\/wp-json\/wp\/v2\/types\/post"}],"author":[{"embeddable":true,"href":"https:\/\/www.locoxelrojo.com\/independiente\/wp-json\/wp\/v2\/users\/101027"}],"replies":[{"embeddable":true,"href":"https:\/\/www.locoxelrojo.com\/independiente\/wp-json\/wp\/v2\/comments?post=103974"}],"version-history":[{"count":1,"href":"https:\/\/www.locoxelrojo.com\/independiente\/wp-json\/wp\/v2\/posts\/103974\/revisions"}],"predecessor-version":[{"id":103976,"href":"https:\/\/www.locoxelrojo.com\/independiente\/wp-json\/wp\/v2\/posts\/103974\/revisions\/103976"}],"wp:featuredmedia":[{"embeddable":true,"href":"https:\/\/www.locoxelrojo.com\/independiente\/wp-json\/wp\/v2\/media\/103975"}],"wp:attachment":[{"href":"https:\/\/www.locoxelrojo.com\/independiente\/wp-json\/wp\/v2\/media?parent=103974"}],"wp:term":[{"taxonomy":"category","embeddable":true,"href":"https:\/\/www.locoxelrojo.com\/independiente\/wp-json\/wp\/v2\/categories?post=103974"},{"taxonomy":"post_tag","embeddable":true,"href":"https:\/\/www.locoxelrojo.com\/independiente\/wp-json\/wp\/v2\/tags?post=103974"}],"curies":[{"name":"wp","href":"https:\/\/api.w.org\/{rel}","templated":true}]}}