{"id":10406,"date":"2011-08-21T23:40:48","date_gmt":"2011-08-22T02:40:48","guid":{"rendered":"http:\/\/www.locoxelrojo.com.ar\/independiente\/?p=10406"},"modified":"2015-09-15T00:23:09","modified_gmt":"2015-09-15T03:23:09","slug":"borrelli-el-entrenador-acepto-los-delanteros-de-inferiores","status":"publish","type":"post","link":"https:\/\/www.locoxelrojo.com\/independiente\/2011\/08\/21\/borrelli-el-entrenador-acepto-los-delanteros-de-inferiores\/","title":{"rendered":"Borrelli: &#8220;El entrenador acept\u00f3 a los delanteros de inferiores&#8221;"},"content":{"rendered":"<p><a href=\"http:\/\/www.locoxelrojo.com.ar\/independiente\/wp-content\/uploads\/2011\/08\/inferiores_independiente1.jpg\"><img loading=\"lazy\" class=\"alignnone size-full wp-image-10408\" title=\"inferiores_independiente\" src=\"http:\/\/www.locoxelrojo.com.ar\/independiente\/wp-content\/uploads\/2011\/08\/inferiores_independiente1.jpg\" alt=\"\" width=\"590\" height=\"315\" srcset=\"https:\/\/locoxelrojo.com\/independiente\/wp-content\/uploads\/2011\/08\/inferiores_independiente1.jpg 590w, https:\/\/locoxelrojo.com\/independiente\/wp-content\/uploads\/2011\/08\/inferiores_independiente1-300x160.jpg 300w\" sizes=\"(max-width: 590px) 100vw, 590px\" \/><\/a><\/p>\n<p><strong>Enrique Borrelli<\/strong>, coordinador de divisiones inferiores, dialog\u00f3 con <strong>Independiente de Am\u00e9rica<\/strong> y admiti\u00f3 el inter\u00e9s de al selecci\u00f3n nacional para sumarlo al proyecto de Sabella. Por otro lado, admiti\u00f3 que en una reuni\u00f3n de com\u00fan acuerdo con Antonio Mohamed y Julio Comparada se consensu\u00f3 no incorporar delanteros y utilizar a los provenientes de la cantera del club.<\/p>\n<p><strong>&#8220;Hace 21 a\u00f1os que trabajo en inferiores, 15 como coordinador. Hay posibilidades con la selecci\u00f3n&#8221;<\/strong>, comenz\u00f3 destacando el empleado del club quien luego a\u00f1adi\u00f3 que tiene contrato hasta el 31 de diciembre y est\u00e1 muy contento en lo profesional porque el club lo deja trabajar con libertad y tranquilidad.<\/p>\n<p>Luego, el coordinador de las inferiores cont\u00f3 que el t\u00e9cnico, de com\u00fan a cuerdo con el presidente determin\u00f3 no incorporar un delantero porque Comparada quiere un 9 goleador del club. <strong>&#8220;Julio dijo que no m\u00e1s delanteros y Antonio que se arregla con lo que tiene, estaba conforme con la reserva. El entrenador acept\u00f3 los delanteros de inferiores y el presidente quiere un goleador de nuestra cantera<\/strong>&#8220;, manifest\u00f3.<\/p>\n<p>Las alternativas son Mazzola y Nieva. Sobre ellos Borrelli aclar\u00f3:<strong> &#8220;Estoy convencido que Brian Nieva va a rendir much\u00edsimo y va a ser un gran goleador. Antonio lo lleva de a poco. La camiseta pesa y al gente es muy exigente, se lo est\u00e1 cuidando y se lo est\u00e1 llevando muy bien&#8221;<\/strong>. Luego, culmin\u00f3: <strong>&#8220;A Mazzola le tengo una fe enorme, tiene todo para ser el 9, le falta el \u00faltimo toque y el DT sabr\u00e1 cuando&#8221;.<\/strong><\/p>\n","protected":false},"excerpt":{"rendered":"<p>Enrique Borrelli, coordinador de divisiones inferiores, dialog\u00f3 con Independiente de Am\u00e9rica y admiti\u00f3 el inter\u00e9s de al selecci\u00f3n nacional para sumarlo al proyecto de Sabella. Por otro lado, admiti\u00f3 que en una reuni\u00f3n de com\u00fan acuerdo con Antonio Mohamed y Julio Comparada se consensu\u00f3 no incorporar delanteros y utilizar a los provenientes de la cantera [&hellip;]<\/p>\n","protected":false},"author":1,"featured_media":0,"comment_status":"closed","ping_status":"open","sticky":false,"template":"","format":"standard","meta":{"_links_to":"","_links_to_target":""},"categories":[3,1],"tags":[115,153,307,33],"_links":{"self":[{"href":"https:\/\/www.locoxelrojo.com\/independiente\/wp-json\/wp\/v2\/posts\/10406"}],"collection":[{"href":"https:\/\/www.locoxelrojo.com\/independiente\/wp-json\/wp\/v2\/posts"}],"about":[{"href":"https:\/\/www.locoxelrojo.com\/independiente\/wp-json\/wp\/v2\/types\/post"}],"author":[{"embeddable":true,"href":"https:\/\/www.locoxelrojo.com\/independiente\/wp-json\/wp\/v2\/users\/1"}],"replies":[{"embeddable":true,"href":"https:\/\/www.locoxelrojo.com\/independiente\/wp-json\/wp\/v2\/comments?post=10406"}],"version-history":[{"count":0,"href":"https:\/\/www.locoxelrojo.com\/independiente\/wp-json\/wp\/v2\/posts\/10406\/revisions"}],"wp:attachment":[{"href":"https:\/\/www.locoxelrojo.com\/independiente\/wp-json\/wp\/v2\/media?parent=10406"}],"wp:term":[{"taxonomy":"category","embeddable":true,"href":"https:\/\/www.locoxelrojo.com\/independiente\/wp-json\/wp\/v2\/categories?post=10406"},{"taxonomy":"post_tag","embeddable":true,"href":"https:\/\/www.locoxelrojo.com\/independiente\/wp-json\/wp\/v2\/tags?post=10406"}],"curies":[{"name":"wp","href":"https:\/\/api.w.org\/{rel}","templated":true}]}}