{"id":104180,"date":"2022-03-27T19:32:10","date_gmt":"2022-03-27T22:32:10","guid":{"rendered":"https:\/\/www.locoxelrojo.com\/independiente\/?p=104180"},"modified":"2022-03-27T22:32:35","modified_gmt":"2022-03-28T01:32:35","slug":"el-calendario-del-rojo-en-la-copa-sudamericana","status":"publish","type":"post","link":"https:\/\/www.locoxelrojo.com\/independiente\/2022\/03\/27\/el-calendario-del-rojo-en-la-copa-sudamericana\/","title":{"rendered":"El calendario del Rojo en la Copa Sudamericana"},"content":{"rendered":"<p><strong>La Confederaci\u00f3n Sudamericana de F\u00fatbol confirm\u00f3 los d\u00edas y horarios de la fase de grupos de la Copa Sudamericana 2022. El camino de Independiente empezar\u00e1 en Brasil.<\/strong><\/p>\n<p>Despu\u00e9s de haber conocido a sus rivales, el equipo de Eduardo Dom\u00ednguez ya tiene la agenda para disputar el Grupo G en los meses de abril y mayo. Ser\u00e1n seis partidos, tres de ida y tres de vuelta, y pasar\u00e1 a octavos de final el primero del grupo.<\/p>\n<p>El Rojo har\u00e1 su debut <strong>ante Cear\u00e1 el martes 5 de abril a las 19:15 en Brasil<\/strong>, <a href=\"https:\/\/www.locoxelrojo.com\/independiente\/2022\/03\/27\/dia-y-horario-para-la-fecha-8\/\">cuatro d\u00edas despu\u00e9s de visitar a Barracas Central<\/a> en Parque Patricios. Una semana m\u00e1s tarde ser\u00e1 el primero de local: <strong>recibir\u00e1 a General Caballero el martes 12 de abril a las 21:30 en Avellaneda<\/strong>.<\/p>\n<blockquote class=\"twitter-tweet\" data-width=\"550\" data-dnt=\"true\">\n<p lang=\"es\" dir=\"ltr\">\ud83d\udcc6\ud83c\udfc6\u00a1El fixture del Grupo G!<\/p>\n<p>\ud83c\udde6\ud83c\uddf7\ud83c\udde7\ud83c\uddf7\ud83c\uddf5\ud83c\uddfe\ud83c\uddfb\ud83c\uddea As\u00ed jugar\u00e1n <a href=\"https:\/\/twitter.com\/Independiente?ref_src=twsrc%5Etfw\">@Independiente<\/a>, <a href=\"https:\/\/twitter.com\/CearaSC?ref_src=twsrc%5Etfw\">@CearaSC<\/a>, <a href=\"https:\/\/twitter.com\/clubgeneral_jlm?ref_src=twsrc%5Etfw\">@clubgeneral_jlm<\/a> y <a href=\"https:\/\/twitter.com\/DvoLaGuaira?ref_src=twsrc%5Etfw\">@DvoLaGuaira<\/a> en la CONMEBOL <a href=\"https:\/\/twitter.com\/hashtag\/Sudamericana?src=hash&amp;ref_src=twsrc%5Etfw\">#Sudamericana<\/a>. <a href=\"https:\/\/twitter.com\/hashtag\/LaGranConquista?src=hash&amp;ref_src=twsrc%5Etfw\">#LaGranConquista<\/a> <a href=\"https:\/\/t.co\/P3HYuHc7jx\">pic.twitter.com\/P3HYuHc7jx<\/a><\/p>\n<p>&mdash; CONMEBOL Sudamericana (@Sudamericana) <a href=\"https:\/\/twitter.com\/Sudamericana\/status\/1507870081157578753?ref_src=twsrc%5Etfw\">March 27, 2022<\/a><\/p><\/blockquote>\n<p><script async src=\"https:\/\/platform.twitter.com\/widgets.js\" charset=\"utf-8\"><\/script><\/p>\n<p>Los dos encuentros que siguen ser\u00e1n de visitante. El Rey de Copas enfrentar\u00e1 a <strong>Deportivo La Guaira el martes 26 de abril a las 19:15 en Venezuela<\/strong> y siete d\u00edas m\u00e1s tarde, el <strong>3 de mayo, viajar\u00e1 a Paraguay para medirse ante General Caballero a las 21:30<\/strong>.<\/p>\n<p>Los dos \u00faltimos partidos del grupo ser\u00e1n en el Estadio Libertadores de Am\u00e9rica &#8211; Ricardo Enrique Bochini. Independiente <strong>recibir\u00e1 a Deportivo La Guaira el jueves 19 de mayo a las 19:15<\/strong> y ser\u00e1 local <strong>contra Cear\u00e1 el mi\u00e9rcoles 25 de mayo a las 21:30<\/strong>.<\/p>\n<h3>El calendario completo del Rojo<\/h3>\n<p>Martes 5\/4 &#8211; 19:15 &#8211; vs. Cear\u00e1 (Brasil)<\/p>\n<p>Martes 12\/4 &#8211; 21:30 &#8211; vs. General Caballero (Avellaneda)<\/p>\n<p>Martes 26\/4 &#8211; 19:15 &#8211; vs. Deportivo La Guaira (Venezuela)<\/p>\n<p>Martes 3\/5 &#8211; 21:30 &#8211; vs. General Caballero (Paraguay)<\/p>\n<p>Jueves 19\/5 &#8211; 19:15 &#8211; vs. Deportivo La Guaira (Avellaneda)<\/p>\n<p>Mi\u00e9rcoles 25\/5 &#8211; 21:30 &#8211; vs. Cear\u00e1 (Avellaneda)<\/p>\n","protected":false},"excerpt":{"rendered":"<p>La Confederaci\u00f3n Sudamericana de F\u00fatbol confirm\u00f3 los d\u00edas y horarios de la fase de grupos de la Copa Sudamericana 2022. El camino de Independiente empezar\u00e1 en Brasil. Despu\u00e9s de haber conocido a sus rivales, el equipo de Eduardo Dom\u00ednguez ya tiene la agenda para disputar el Grupo G en los meses de abril y mayo. [&hellip;]<\/p>\n","protected":false},"author":8,"featured_media":104183,"comment_status":"open","ping_status":"closed","sticky":false,"template":"","format":"standard","meta":{"_links_to":"","_links_to_target":""},"categories":[7,3247],"tags":[4009,153,4872,5143,5144],"_links":{"self":[{"href":"https:\/\/www.locoxelrojo.com\/independiente\/wp-json\/wp\/v2\/posts\/104180"}],"collection":[{"href":"https:\/\/www.locoxelrojo.com\/independiente\/wp-json\/wp\/v2\/posts"}],"about":[{"href":"https:\/\/www.locoxelrojo.com\/independiente\/wp-json\/wp\/v2\/types\/post"}],"author":[{"embeddable":true,"href":"https:\/\/www.locoxelrojo.com\/independiente\/wp-json\/wp\/v2\/users\/8"}],"replies":[{"embeddable":true,"href":"https:\/\/www.locoxelrojo.com\/independiente\/wp-json\/wp\/v2\/comments?post=104180"}],"version-history":[{"count":3,"href":"https:\/\/www.locoxelrojo.com\/independiente\/wp-json\/wp\/v2\/posts\/104180\/revisions"}],"predecessor-version":[{"id":104184,"href":"https:\/\/www.locoxelrojo.com\/independiente\/wp-json\/wp\/v2\/posts\/104180\/revisions\/104184"}],"wp:featuredmedia":[{"embeddable":true,"href":"https:\/\/www.locoxelrojo.com\/independiente\/wp-json\/wp\/v2\/media\/104183"}],"wp:attachment":[{"href":"https:\/\/www.locoxelrojo.com\/independiente\/wp-json\/wp\/v2\/media?parent=104180"}],"wp:term":[{"taxonomy":"category","embeddable":true,"href":"https:\/\/www.locoxelrojo.com\/independiente\/wp-json\/wp\/v2\/categories?post=104180"},{"taxonomy":"post_tag","embeddable":true,"href":"https:\/\/www.locoxelrojo.com\/independiente\/wp-json\/wp\/v2\/tags?post=104180"}],"curies":[{"name":"wp","href":"https:\/\/api.w.org\/{rel}","templated":true}]}}