{"id":10429,"date":"2011-08-22T15:00:25","date_gmt":"2011-08-22T18:00:25","guid":{"rendered":"http:\/\/www.locoxelrojo.com.ar\/independiente\/?p=10429"},"modified":"2015-09-15T00:24:16","modified_gmt":"2015-09-15T03:24:16","slug":"parra-tenemos-que-mejorar-en-todas-las-lineas","status":"publish","type":"post","link":"https:\/\/www.locoxelrojo.com\/independiente\/2011\/08\/22\/parra-tenemos-que-mejorar-en-todas-las-lineas\/","title":{"rendered":"Parra: &#8220;Tenemos que mejorar en todas las l\u00edneas&#8221;"},"content":{"rendered":"<p><a href=\"http:\/\/www.locoxelrojo.com.ar\/independiente\/wp-content\/uploads\/2011\/08\/facundo_parra_independiente.jpg\"><img loading=\"lazy\" class=\"alignnone size-full wp-image-10430\" title=\"facundo_parra_independiente\" src=\"http:\/\/www.locoxelrojo.com.ar\/independiente\/wp-content\/uploads\/2011\/08\/facundo_parra_independiente.jpg\" alt=\"\" width=\"590\" height=\"315\" srcset=\"https:\/\/locoxelrojo.com\/independiente\/wp-content\/uploads\/2011\/08\/facundo_parra_independiente.jpg 590w, https:\/\/locoxelrojo.com\/independiente\/wp-content\/uploads\/2011\/08\/facundo_parra_independiente-300x160.jpg 300w\" sizes=\"(max-width: 590px) 100vw, 590px\" \/><\/a><\/p>\n<p><strong>Facundo Parra <\/strong>dialog\u00f3 con <strong>90 minutos por Fox Sports <\/strong>en la previa de la segunda final en Brasil ante el Inter de Porto Alegre. El delantero que volvi\u00f3 frente a Estudiantes recuperado de su contractura hab\u00eda destacado en el vestuario que su juego no fue el mejor. Sin embargo, prometi\u00f3 volver a su nivel el pr\u00f3ximo mi\u00e9rcoles.<\/p>\n<p>&#8220;Ganamos un partido dif\u00edcil&#8221;, comenz\u00f3 diciendo el 9 quien tuvo un sondeo por parte del Siena la semana pasada pero decidi\u00f3 permanecer en el club hasta diciembre.<strong> &#8220;Nos falt\u00f3 de todo y cuando est\u00e1bamos 11 vs 11 tambi\u00e9n hicimos las cosas mal&#8221;<\/strong>, sincer\u00f3.<\/p>\n<p>Facundo Parra ser\u00e1 el 9 de \u00e1rea y Marco P\u00e9rez ir\u00e1 por afuera tal como sucedi\u00f3 frente a Estudiante de la Plata. <strong>&#8220;En el entretiempo hablamos para organizarnos y buscar el triunfo pese a todo, y lo pudimos hacer con ese gol de Independiente, pero es un triunfo at\u00edpico y que no nos deja tranquilos&#8221;<\/strong>, a\u00f1adi\u00f3.<\/p>\n<p>Por \u00faltimo aclar\u00f3 que hay que cambiar completamente la forma de jugar. <strong>&#8220;Apostamos al esfuerzo para mantener la diferencia y lo conseguimos. Pero nos falt\u00f3 en todos lados. Tenemos que mejorar en todas las l\u00edneas. Un partido malo se puede tener, pero es un llamado de atenci\u00f3n&#8221;<\/strong>, concluy\u00f3.<\/p>\n","protected":false},"excerpt":{"rendered":"<p>Facundo Parra dialog\u00f3 con 90 minutos por Fox Sports en la previa de la segunda final en Brasil ante el Inter de Porto Alegre. El delantero que volvi\u00f3 frente a Estudiantes recuperado de su contractura hab\u00eda destacado en el vestuario que su juego no fue el mejor. Sin embargo, prometi\u00f3 volver a su nivel el [&hellip;]<\/p>\n","protected":false},"author":1,"featured_media":0,"comment_status":"open","ping_status":"open","sticky":false,"template":"","format":"standard","meta":{"_links_to":"","_links_to_target":""},"categories":[3,1,356],"tags":[153,277,36,3272,974],"_links":{"self":[{"href":"https:\/\/www.locoxelrojo.com\/independiente\/wp-json\/wp\/v2\/posts\/10429"}],"collection":[{"href":"https:\/\/www.locoxelrojo.com\/independiente\/wp-json\/wp\/v2\/posts"}],"about":[{"href":"https:\/\/www.locoxelrojo.com\/independiente\/wp-json\/wp\/v2\/types\/post"}],"author":[{"embeddable":true,"href":"https:\/\/www.locoxelrojo.com\/independiente\/wp-json\/wp\/v2\/users\/1"}],"replies":[{"embeddable":true,"href":"https:\/\/www.locoxelrojo.com\/independiente\/wp-json\/wp\/v2\/comments?post=10429"}],"version-history":[{"count":0,"href":"https:\/\/www.locoxelrojo.com\/independiente\/wp-json\/wp\/v2\/posts\/10429\/revisions"}],"wp:attachment":[{"href":"https:\/\/www.locoxelrojo.com\/independiente\/wp-json\/wp\/v2\/media?parent=10429"}],"wp:term":[{"taxonomy":"category","embeddable":true,"href":"https:\/\/www.locoxelrojo.com\/independiente\/wp-json\/wp\/v2\/categories?post=10429"},{"taxonomy":"post_tag","embeddable":true,"href":"https:\/\/www.locoxelrojo.com\/independiente\/wp-json\/wp\/v2\/tags?post=10429"}],"curies":[{"name":"wp","href":"https:\/\/api.w.org\/{rel}","templated":true}]}}