{"id":10433,"date":"2011-08-22T15:01:11","date_gmt":"2011-08-22T18:01:11","guid":{"rendered":"http:\/\/www.locoxelrojo.com.ar\/independiente\/?p=10433"},"modified":"2015-09-15T00:24:28","modified_gmt":"2015-09-15T03:24:28","slug":"ivan-perez-nunca-espere-vivir-este-momento","status":"publish","type":"post","link":"https:\/\/www.locoxelrojo.com\/independiente\/2011\/08\/22\/ivan-perez-nunca-espere-vivir-este-momento\/","title":{"rendered":"I. P\u00e9rez: &#8220;Nunca esper\u00e9 vivir este momento&#8221;"},"content":{"rendered":"<p><a href=\"http:\/\/www.locoxelrojo.com.ar\/independiente\/wp-content\/uploads\/2011\/08\/iv\u00e1n-p\u00e9rez.jpg\"><img loading=\"lazy\" class=\"alignnone size-full wp-image-10434\" title=\"iv\u00e1n p\u00e9rez\" src=\"http:\/\/www.locoxelrojo.com.ar\/independiente\/wp-content\/uploads\/2011\/08\/iv\u00e1n-p\u00e9rez.jpg\" alt=\"\" width=\"590\" height=\"315\" srcset=\"https:\/\/locoxelrojo.com\/independiente\/wp-content\/uploads\/2011\/08\/iv\u00e1n-p\u00e9rez.jpg 590w, https:\/\/locoxelrojo.com\/independiente\/wp-content\/uploads\/2011\/08\/iv\u00e1n-p\u00e9rez-300x160.jpg 300w\" sizes=\"(max-width: 590px) 100vw, 590px\" \/><\/a><\/p>\n<p>Es uno de los preferidos de Antonio Mohamed, comenz\u00f3 jugando por el sector izquierdo pero el t\u00e9cnico le va a dar la chance en Brasil por el mediocampo.<strong> Iv\u00e1n P\u00e9rez<\/strong> debut\u00f3 en 2008 y reci\u00e9n en la temporada pasada pudo disputar 8 partidos y 2 por Copa Libertadores.<\/p>\n<p>El zurdo, oriundo de Tandil y surgido de las divisiones inferiores tendr\u00e1 su chance en la segunda final frente a Inter de Porto Alegre. <strong>&#8220;Nunca esper\u00e9 vivir este momento<\/strong>&#8220;, destac\u00f3 P\u00e9rez quien apenas tiene 21 a\u00f1os. Sin embargo, r\u00e1pidamente se mostr\u00f3 en confianza en di\u00e1logo con <strong>Sportia<\/strong>. &#8220;<strong>Esperemos tener la mayor cantidad de alegr\u00edas posibles este a\u00f1o&#8221;<\/strong>, enfatiz\u00f3.<\/p>\n<p>Desde su punto de vista, todo es m\u00e1s f\u00e1cil con los compa\u00f1eros que tiene al lado.<strong> &#8220;Estamos tranquilos de cara a la final que viene&#8221;<\/strong>, concluy\u00f3 considerando que para quedarse con la Copa habr\u00e1 que plantear el partido de manera completamente diferente a como se dio vs. Estudiantes.<\/p>\n","protected":false},"excerpt":{"rendered":"<p>Es uno de los preferidos de Antonio Mohamed, comenz\u00f3 jugando por el sector izquierdo pero el t\u00e9cnico le va a dar la chance en Brasil por el mediocampo. Iv\u00e1n P\u00e9rez debut\u00f3 en 2008 y reci\u00e9n en la temporada pasada pudo disputar 8 partidos y 2 por Copa Libertadores. El zurdo, oriundo de Tandil y surgido [&hellip;]<\/p>\n","protected":false},"author":1,"featured_media":0,"comment_status":"open","ping_status":"open","sticky":false,"template":"","format":"standard","meta":{"_links_to":"","_links_to_target":""},"categories":[3,1,356],"tags":[153,357,187,3272],"_links":{"self":[{"href":"https:\/\/www.locoxelrojo.com\/independiente\/wp-json\/wp\/v2\/posts\/10433"}],"collection":[{"href":"https:\/\/www.locoxelrojo.com\/independiente\/wp-json\/wp\/v2\/posts"}],"about":[{"href":"https:\/\/www.locoxelrojo.com\/independiente\/wp-json\/wp\/v2\/types\/post"}],"author":[{"embeddable":true,"href":"https:\/\/www.locoxelrojo.com\/independiente\/wp-json\/wp\/v2\/users\/1"}],"replies":[{"embeddable":true,"href":"https:\/\/www.locoxelrojo.com\/independiente\/wp-json\/wp\/v2\/comments?post=10433"}],"version-history":[{"count":0,"href":"https:\/\/www.locoxelrojo.com\/independiente\/wp-json\/wp\/v2\/posts\/10433\/revisions"}],"wp:attachment":[{"href":"https:\/\/www.locoxelrojo.com\/independiente\/wp-json\/wp\/v2\/media?parent=10433"}],"wp:term":[{"taxonomy":"category","embeddable":true,"href":"https:\/\/www.locoxelrojo.com\/independiente\/wp-json\/wp\/v2\/categories?post=10433"},{"taxonomy":"post_tag","embeddable":true,"href":"https:\/\/www.locoxelrojo.com\/independiente\/wp-json\/wp\/v2\/tags?post=10433"}],"curies":[{"name":"wp","href":"https:\/\/api.w.org\/{rel}","templated":true}]}}