{"id":104342,"date":"2022-04-05T21:32:54","date_gmt":"2022-04-06T00:32:54","guid":{"rendered":"https:\/\/www.locoxelrojo.com\/independiente\/?p=104342"},"modified":"2022-04-05T22:40:56","modified_gmt":"2022-04-06T01:40:56","slug":"insolita-expulsion-de-costa-a-los-11-minutos","status":"publish","type":"post","link":"https:\/\/www.locoxelrojo.com\/independiente\/2022\/04\/05\/insolita-expulsion-de-costa-a-los-11-minutos\/","title":{"rendered":"Ins\u00f3lita expulsi\u00f3n de Costa a los 11 minutos"},"content":{"rendered":"<p><strong>Ayrton Costa dur\u00f3 apenas 11 minutos en cancha ante Cear\u00e1. Fue expulsado por doble amarilla e Independiente tuvo que jugar casi todo el partido con un jugador menos.<\/strong><\/p>\n<p>El defensor de 22 a\u00f1os volvi\u00f3 a la titularidad para integrar una in\u00e9dita zaga central con Joaqu\u00edn Laso. Ten\u00edan la misi\u00f3n de reemplazar a Sergio Barreto y Juan Manuel Insaurralde, suspendidos por expulsi\u00f3n. <strong>El juvenil no aprovech\u00f3 su chance y en pocos minutos se qued\u00f3 sin partido.<\/strong><\/p>\n<p><strong>Iban 6&#8242; cuando Costa recibi\u00f3 la primera amonestaci\u00f3n<\/strong> por un cruce y un forcejeo con un rival. Condicionado por esa amarilla, <strong>cinco minutos m\u00e1s tarde quiso cortar un mano a mano de John Mendoza<\/strong>, tir\u00f3 algunos manotazos, el delantero se dej\u00f3 caer y el \u00e1rbitro Leod\u00e1n Gonz\u00e1lez mostr\u00f3 la segunda amarilla al defensor del Rojo.<\/p>\n<p>La expulsi\u00f3n ins\u00f3lita de Costa oblig\u00f3 a Eduardo Dom\u00ednguez a meter un cambio para rearmar la defensa. <strong>Patricio Ostachuk se sum\u00f3 a la zaga central y pag\u00f3 los platos rotos Alan So\u00f1ora<\/strong>, quien debi\u00f3 dejar el campo de juego.<\/p>\n<p><iframe loading=\"lazy\" src=\"http:\/\/www.espn.com\/core\/video\/iframe?id=10171127&amp;endcard=false\" width=\"640\" height=\"360\" frameborder=\"0\" allowfullscreen=\"allowfullscreen\"><\/iframe><\/p>\n","protected":false},"excerpt":{"rendered":"<p>Ayrton Costa dur\u00f3 apenas 11 minutos en cancha ante Cear\u00e1. Fue expulsado por doble amarilla e Independiente tuvo que jugar casi todo el partido con un jugador menos. El defensor de 22 a\u00f1os volvi\u00f3 a la titularidad para integrar una in\u00e9dita zaga central con Joaqu\u00edn Laso. Ten\u00edan la misi\u00f3n de reemplazar a Sergio Barreto y [&hellip;]<\/p>\n","protected":false},"author":8,"featured_media":104347,"comment_status":"open","ping_status":"closed","sticky":false,"template":"","format":"standard","meta":{"_links_to":"","_links_to_target":""},"categories":[7,3247],"tags":[4687,4009,153,4872],"_links":{"self":[{"href":"https:\/\/www.locoxelrojo.com\/independiente\/wp-json\/wp\/v2\/posts\/104342"}],"collection":[{"href":"https:\/\/www.locoxelrojo.com\/independiente\/wp-json\/wp\/v2\/posts"}],"about":[{"href":"https:\/\/www.locoxelrojo.com\/independiente\/wp-json\/wp\/v2\/types\/post"}],"author":[{"embeddable":true,"href":"https:\/\/www.locoxelrojo.com\/independiente\/wp-json\/wp\/v2\/users\/8"}],"replies":[{"embeddable":true,"href":"https:\/\/www.locoxelrojo.com\/independiente\/wp-json\/wp\/v2\/comments?post=104342"}],"version-history":[{"count":2,"href":"https:\/\/www.locoxelrojo.com\/independiente\/wp-json\/wp\/v2\/posts\/104342\/revisions"}],"predecessor-version":[{"id":104345,"href":"https:\/\/www.locoxelrojo.com\/independiente\/wp-json\/wp\/v2\/posts\/104342\/revisions\/104345"}],"wp:featuredmedia":[{"embeddable":true,"href":"https:\/\/www.locoxelrojo.com\/independiente\/wp-json\/wp\/v2\/media\/104347"}],"wp:attachment":[{"href":"https:\/\/www.locoxelrojo.com\/independiente\/wp-json\/wp\/v2\/media?parent=104342"}],"wp:term":[{"taxonomy":"category","embeddable":true,"href":"https:\/\/www.locoxelrojo.com\/independiente\/wp-json\/wp\/v2\/categories?post=104342"},{"taxonomy":"post_tag","embeddable":true,"href":"https:\/\/www.locoxelrojo.com\/independiente\/wp-json\/wp\/v2\/tags?post=104342"}],"curies":[{"name":"wp","href":"https:\/\/api.w.org\/{rel}","templated":true}]}}