{"id":10440,"date":"2011-08-23T02:23:12","date_gmt":"2011-08-23T05:23:12","guid":{"rendered":"http:\/\/www.locoxelrojo.com.ar\/independiente\/?p=10440"},"modified":"2011-08-23T02:23:12","modified_gmt":"2011-08-23T05:23:12","slug":"tomala-vos-damela-a-mi","status":"publish","type":"post","link":"https:\/\/www.locoxelrojo.com\/independiente\/2011\/08\/23\/tomala-vos-damela-a-mi\/","title":{"rendered":"Tomala vos, d\u00e1mela a m\u00ed"},"content":{"rendered":"<p><a href=\"http:\/\/www.locoxelrojo.com.ar\/independiente\/wp-content\/uploads\/2011\/08\/independiente_portoalegre.jpg\"><img loading=\"lazy\" class=\"alignnone size-full wp-image-10443\" title=\"independiente_portoalegre\" src=\"http:\/\/www.locoxelrojo.com.ar\/independiente\/wp-content\/uploads\/2011\/08\/independiente_portoalegre.jpg\" alt=\"\" width=\"590\" height=\"315\" srcset=\"https:\/\/locoxelrojo.com\/independiente\/wp-content\/uploads\/2011\/08\/independiente_portoalegre.jpg 590w, https:\/\/locoxelrojo.com\/independiente\/wp-content\/uploads\/2011\/08\/independiente_portoalegre-300x160.jpg 300w\" sizes=\"(max-width: 590px) 100vw, 590px\" \/><\/a><\/p>\n<p>Independiente lleg\u00f3 a Porto Alegre pasadas las 21:45 de nuestro pa\u00eds luego de almorzar \u00a0en el Hotel Intercontinental y dormir tras la pr\u00e1ctica matutina del feriado. El vuelo charter despeg\u00f3 pasadas las 18:00 y hubo una escala en Montevideo.<\/p>\n<p>La delegaci\u00f3n est\u00e1 compuesta por 22 jugadores que componen la lista de buena fe, cuerpo t\u00e9cnico (quedaron afuera Ariel Simari, Mariano Juan y Hernan Petti) y dirigentes (encabezados por Julio Comparada y Leandro Battafarano, encargado del f\u00fatbol profesional).<\/p>\n<p>El Rojo, sin confirmar, cen\u00f3 y se fue a descansar considerando que reconocer\u00e1 el campo de juego el martes por la tarde. Los 11 que ir\u00e1n por la 17ma conquista internacional son:\u00a0<strong>Hilario Navarro; Eduardo Tuzzio, Juli\u00e1n Vel\u00e1zquez, Gabriel Milito y Maximiliano Vel\u00e1zquez; Hernan Fredes, Cristian Pellerano, Iv\u00e1n P\u00e9rez y Osmar Ferreyra; Facundo Parra y Marco P\u00e9rez.<\/strong><\/p>\n<p><em><span style=\"color: #888888;\">Foto: Juano Tesone<\/span><\/em><\/p>\n","protected":false},"excerpt":{"rendered":"<p>Independiente lleg\u00f3 a Porto Alegre pasadas las 21:45 de nuestro pa\u00eds luego de almorzar \u00a0en el Hotel Intercontinental y dormir tras la pr\u00e1ctica matutina del feriado. El vuelo charter despeg\u00f3 pasadas las 18:00 y hubo una escala en Montevideo. La delegaci\u00f3n est\u00e1 compuesta por 22 jugadores que componen la lista de buena fe, cuerpo t\u00e9cnico [&hellip;]<\/p>\n","protected":false},"author":1,"featured_media":0,"comment_status":"open","ping_status":"open","sticky":false,"template":"","format":"standard","meta":{"_links_to":"","_links_to_target":""},"categories":[3,1,356],"tags":[153,357,3272],"_links":{"self":[{"href":"https:\/\/www.locoxelrojo.com\/independiente\/wp-json\/wp\/v2\/posts\/10440"}],"collection":[{"href":"https:\/\/www.locoxelrojo.com\/independiente\/wp-json\/wp\/v2\/posts"}],"about":[{"href":"https:\/\/www.locoxelrojo.com\/independiente\/wp-json\/wp\/v2\/types\/post"}],"author":[{"embeddable":true,"href":"https:\/\/www.locoxelrojo.com\/independiente\/wp-json\/wp\/v2\/users\/1"}],"replies":[{"embeddable":true,"href":"https:\/\/www.locoxelrojo.com\/independiente\/wp-json\/wp\/v2\/comments?post=10440"}],"version-history":[{"count":0,"href":"https:\/\/www.locoxelrojo.com\/independiente\/wp-json\/wp\/v2\/posts\/10440\/revisions"}],"wp:attachment":[{"href":"https:\/\/www.locoxelrojo.com\/independiente\/wp-json\/wp\/v2\/media?parent=10440"}],"wp:term":[{"taxonomy":"category","embeddable":true,"href":"https:\/\/www.locoxelrojo.com\/independiente\/wp-json\/wp\/v2\/categories?post=10440"},{"taxonomy":"post_tag","embeddable":true,"href":"https:\/\/www.locoxelrojo.com\/independiente\/wp-json\/wp\/v2\/tags?post=10440"}],"curies":[{"name":"wp","href":"https:\/\/api.w.org\/{rel}","templated":true}]}}