{"id":104475,"date":"2022-04-11T09:30:19","date_gmt":"2022-04-11T12:30:19","guid":{"rendered":"https:\/\/www.locoxelrojo.com\/independiente\/?p=104475"},"modified":"2022-04-11T22:53:08","modified_gmt":"2022-04-12T01:53:08","slug":"juez-ecuatoriano-ante-general-caballero","status":"publish","type":"post","link":"https:\/\/www.locoxelrojo.com\/independiente\/2022\/04\/11\/juez-ecuatoriano-ante-general-caballero\/","title":{"rendered":"Juez ecuatoriano ante General Caballero"},"content":{"rendered":"<p><strong>Guillermo Guerrero es el designado para impartir justicia en el partido entre Independiente y General Caballero, correspondiente a la 2\u00aa fecha de la fase de grupos de la Copa Sudamericana 2022.<\/strong><\/p>\n<p>El \u00e1rbitro ecuatoriano<strong> nunca dirigi\u00f3 un partido del Rojo<\/strong>, aunque viene de dirigir el partido de Racing con River Plate de Uruguay por la fecha 1 de esta misma competencia.<\/p>\n<p>Este martes en Avellaneda, Guerrero estar\u00e1 acompa\u00f1ado por sus compatriotas<strong>\u00a0Byron Romero y Christian Lescano como jueces de l\u00ednea<\/strong>, mientras que el boliviano Cristian Alem\u00e1n ser\u00e1 el cuarto \u00e1rbitro.<\/p>\n","protected":false},"excerpt":{"rendered":"<p>Guillermo Guerrero es el designado para impartir justicia en el partido entre Independiente y General Caballero, correspondiente a la 2\u00aa fecha de la fase de grupos de la Copa Sudamericana 2022. El \u00e1rbitro ecuatoriano nunca dirigi\u00f3 un partido del Rojo, aunque viene de dirigir el partido de Racing con River Plate de Uruguay por la [&hellip;]<\/p>\n","protected":false},"author":101030,"featured_media":104476,"comment_status":"open","ping_status":"closed","sticky":false,"template":"","format":"standard","meta":{"_links_to":"","_links_to_target":""},"categories":[7,3247],"tags":[153,4872,5144,5155],"_links":{"self":[{"href":"https:\/\/www.locoxelrojo.com\/independiente\/wp-json\/wp\/v2\/posts\/104475"}],"collection":[{"href":"https:\/\/www.locoxelrojo.com\/independiente\/wp-json\/wp\/v2\/posts"}],"about":[{"href":"https:\/\/www.locoxelrojo.com\/independiente\/wp-json\/wp\/v2\/types\/post"}],"author":[{"embeddable":true,"href":"https:\/\/www.locoxelrojo.com\/independiente\/wp-json\/wp\/v2\/users\/101030"}],"replies":[{"embeddable":true,"href":"https:\/\/www.locoxelrojo.com\/independiente\/wp-json\/wp\/v2\/comments?post=104475"}],"version-history":[{"count":1,"href":"https:\/\/www.locoxelrojo.com\/independiente\/wp-json\/wp\/v2\/posts\/104475\/revisions"}],"predecessor-version":[{"id":104477,"href":"https:\/\/www.locoxelrojo.com\/independiente\/wp-json\/wp\/v2\/posts\/104475\/revisions\/104477"}],"wp:featuredmedia":[{"embeddable":true,"href":"https:\/\/www.locoxelrojo.com\/independiente\/wp-json\/wp\/v2\/media\/104476"}],"wp:attachment":[{"href":"https:\/\/www.locoxelrojo.com\/independiente\/wp-json\/wp\/v2\/media?parent=104475"}],"wp:term":[{"taxonomy":"category","embeddable":true,"href":"https:\/\/www.locoxelrojo.com\/independiente\/wp-json\/wp\/v2\/categories?post=104475"},{"taxonomy":"post_tag","embeddable":true,"href":"https:\/\/www.locoxelrojo.com\/independiente\/wp-json\/wp\/v2\/tags?post=104475"}],"curies":[{"name":"wp","href":"https:\/\/api.w.org\/{rel}","templated":true}]}}