{"id":10451,"date":"2011-08-23T13:56:03","date_gmt":"2011-08-23T16:56:03","guid":{"rendered":"http:\/\/www.locoxelrojo.com.ar\/independiente\/?p=10451"},"modified":"2011-08-23T13:56:03","modified_gmt":"2011-08-23T16:56:03","slug":"marco-perez-atacar-y-jugar","status":"publish","type":"post","link":"https:\/\/www.locoxelrojo.com\/independiente\/2011\/08\/23\/marco-perez-atacar-y-jugar\/","title":{"rendered":"Marco P\u00e9rez: &#8220;Atacar y jugar&#8221;"},"content":{"rendered":"<p><a href=\"http:\/\/www.locoxelrojo.com.ar\/independiente\/wp-content\/uploads\/2011\/08\/Marco_Perez.png\"><img loading=\"lazy\" class=\"alignnone size-full wp-image-10453\" title=\"Marco_Perez\" src=\"http:\/\/www.locoxelrojo.com.ar\/independiente\/wp-content\/uploads\/2011\/08\/Marco_Perez.png\" alt=\"\" width=\"590\" height=\"315\" srcset=\"https:\/\/locoxelrojo.com\/independiente\/wp-content\/uploads\/2011\/08\/Marco_Perez.png 590w, https:\/\/locoxelrojo.com\/independiente\/wp-content\/uploads\/2011\/08\/Marco_Perez-300x160.png 300w\" sizes=\"(max-width: 590px) 100vw, 590px\" \/><\/a><\/p>\n<p><strong>Marco P\u00e9rez <\/strong>dialog\u00f3 con <strong>Un Buen Momento por Radio La Red<\/strong> luego del almuerzo en Porto Alegre y se mostr\u00f3 contento por haberse adaptado r\u00e1pido al grupo. <strong>&#8220;Lo importante es que me acopl\u00e9 rapido, ya hice dos goles y espero seguir rindiendo de la mejor manera&#8221;<\/strong>, manifest\u00f3 el colombino.<\/p>\n<p>Para el jugador, fue fundamental haber tenido una buena temporada en la previa de su primer expriencia en Europa. <strong>&#8220;En el f\u00fatbol argentino jugu\u00e9 un a\u00f1o y lo hice de la mejor manera, el profe me pidi\u00f3 que me adapte lo mas r\u00e1pido posible y pude responderle con dos goles&#8221;<\/strong>, cont\u00f3.<\/p>\n<p>Por \u00faltimo se refiri\u00f3 al partido de ma\u00f1ana y dese\u00f3 volver con el trofeo. &#8220;<strong>Me siento muy contento porque en poco tiempo me inocorpor\u00e9 al grupo, espero jugar todo ma\u00f1ana, estar concentrado y sacar un lindo resutlado para poder llevar la copa a casa&#8221;<\/strong>. El colombiano, entendi\u00f3 que la v\u00eda para traerse un buen resultado es <strong>&#8220;atacar y jugar sabiendo que sumando somos campeones&#8221;.<\/strong><\/p>\n","protected":false},"excerpt":{"rendered":"<p>Marco P\u00e9rez dialog\u00f3 con Un Buen Momento por Radio La Red luego del almuerzo en Porto Alegre y se mostr\u00f3 contento por haberse adaptado r\u00e1pido al grupo. &#8220;Lo importante es que me acopl\u00e9 rapido, ya hice dos goles y espero seguir rindiendo de la mejor manera&#8221;, manifest\u00f3 el colombino. Para el jugador, fue fundamental haber [&hellip;]<\/p>\n","protected":false},"author":1,"featured_media":0,"comment_status":"open","ping_status":"open","sticky":false,"template":"","format":"standard","meta":{"_links_to":"","_links_to_target":""},"categories":[3,1,356],"tags":[153,547,981,3272],"_links":{"self":[{"href":"https:\/\/www.locoxelrojo.com\/independiente\/wp-json\/wp\/v2\/posts\/10451"}],"collection":[{"href":"https:\/\/www.locoxelrojo.com\/independiente\/wp-json\/wp\/v2\/posts"}],"about":[{"href":"https:\/\/www.locoxelrojo.com\/independiente\/wp-json\/wp\/v2\/types\/post"}],"author":[{"embeddable":true,"href":"https:\/\/www.locoxelrojo.com\/independiente\/wp-json\/wp\/v2\/users\/1"}],"replies":[{"embeddable":true,"href":"https:\/\/www.locoxelrojo.com\/independiente\/wp-json\/wp\/v2\/comments?post=10451"}],"version-history":[{"count":0,"href":"https:\/\/www.locoxelrojo.com\/independiente\/wp-json\/wp\/v2\/posts\/10451\/revisions"}],"wp:attachment":[{"href":"https:\/\/www.locoxelrojo.com\/independiente\/wp-json\/wp\/v2\/media?parent=10451"}],"wp:term":[{"taxonomy":"category","embeddable":true,"href":"https:\/\/www.locoxelrojo.com\/independiente\/wp-json\/wp\/v2\/categories?post=10451"},{"taxonomy":"post_tag","embeddable":true,"href":"https:\/\/www.locoxelrojo.com\/independiente\/wp-json\/wp\/v2\/tags?post=10451"}],"curies":[{"name":"wp","href":"https:\/\/api.w.org\/{rel}","templated":true}]}}