{"id":10460,"date":"2011-08-24T00:48:54","date_gmt":"2011-08-24T03:48:54","guid":{"rendered":"http:\/\/www.locoxelrojo.com.ar\/independiente\/?p=10460"},"modified":"2013-08-07T16:57:18","modified_gmt":"2013-08-07T19:57:18","slug":"practica-en-brasil-con-el-11-confirmado","status":"publish","type":"post","link":"https:\/\/www.locoxelrojo.com\/independiente\/2011\/08\/24\/practica-en-brasil-con-el-11-confirmado\/","title":{"rendered":"Pr\u00e1ctica en Brasil, con el 11 confirmado"},"content":{"rendered":"<p><a href=\"http:\/\/www.locoxelrojo.com.ar\/independiente\/wp-content\/uploads\/2011\/08\/entrenamiento.jpg\"><img loading=\"lazy\" class=\"alignnone size-full wp-image-10461\" title=\"entrenamiento\" src=\"http:\/\/www.locoxelrojo.com.ar\/independiente\/wp-content\/uploads\/2011\/08\/entrenamiento.jpg\" alt=\"\" width=\"590\" height=\"315\" srcset=\"https:\/\/locoxelrojo.com\/independiente\/wp-content\/uploads\/2011\/08\/entrenamiento.jpg 590w, https:\/\/locoxelrojo.com\/independiente\/wp-content\/uploads\/2011\/08\/entrenamiento-300x160.jpg 300w\" sizes=\"(max-width: 590px) 100vw, 590px\" \/><\/a><\/p>\n<p>Con un clima lluvioso, el conjunto de Antonio Mohamed se entren\u00f3 este martes por primera vez en Brasil en vistas al partido frente al Inter de Porto Alegre ma\u00f1ana por la noche. El equipo ya est\u00e1 definido y en la pr\u00e1ctica hubo cerca de 50 hinchas.<\/p>\n<p>El entrenamiento se realiz\u00f3 en el Beira R\u00edo, estadio del Inter, y se bas\u00f3 en la pr\u00e1ctica de pelota parada y trabajos f\u00edsicos livianos. Respecto de la ida, se realizar\u00e1n dos modificaciones. Ferreyra ir\u00e1 por Defederico, mientras que Parra reemplazar\u00e1 a Nu\u00f1ez.<\/p>\n<p>As\u00ed, el 11 inicial del Rojo ser\u00e1:<strong> Hilario Navarro; Eduardo Tuzzio, Juli\u00e1n Vel\u00e1zquez, Gabriel Milito, Maximiliano Vel\u00e1zquez; Hern\u00e1n Fredes, Cristian Pellerano; Ivan P\u00e9rez, Osmar Ferreyra; Marco P\u00e9rez y Facundo Parra.<\/strong><\/p>\n","protected":false},"excerpt":{"rendered":"<p>Con un clima lluvioso, el conjunto de Antonio Mohamed se entren\u00f3 este martes por primera vez en Brasil en vistas al partido frente al Inter de Porto Alegre ma\u00f1ana por la noche. El equipo ya est\u00e1 definido y en la pr\u00e1ctica hubo cerca de 50 hinchas. El entrenamiento se realiz\u00f3 en el Beira R\u00edo, estadio [&hellip;]<\/p>\n","protected":false},"author":1,"featured_media":0,"comment_status":"open","ping_status":"open","sticky":false,"template":"","format":"standard","meta":{"_links_to":"","_links_to_target":""},"categories":[3,1],"tags":[982,153,3272],"_links":{"self":[{"href":"https:\/\/www.locoxelrojo.com\/independiente\/wp-json\/wp\/v2\/posts\/10460"}],"collection":[{"href":"https:\/\/www.locoxelrojo.com\/independiente\/wp-json\/wp\/v2\/posts"}],"about":[{"href":"https:\/\/www.locoxelrojo.com\/independiente\/wp-json\/wp\/v2\/types\/post"}],"author":[{"embeddable":true,"href":"https:\/\/www.locoxelrojo.com\/independiente\/wp-json\/wp\/v2\/users\/1"}],"replies":[{"embeddable":true,"href":"https:\/\/www.locoxelrojo.com\/independiente\/wp-json\/wp\/v2\/comments?post=10460"}],"version-history":[{"count":0,"href":"https:\/\/www.locoxelrojo.com\/independiente\/wp-json\/wp\/v2\/posts\/10460\/revisions"}],"wp:attachment":[{"href":"https:\/\/www.locoxelrojo.com\/independiente\/wp-json\/wp\/v2\/media?parent=10460"}],"wp:term":[{"taxonomy":"category","embeddable":true,"href":"https:\/\/www.locoxelrojo.com\/independiente\/wp-json\/wp\/v2\/categories?post=10460"},{"taxonomy":"post_tag","embeddable":true,"href":"https:\/\/www.locoxelrojo.com\/independiente\/wp-json\/wp\/v2\/tags?post=10460"}],"curies":[{"name":"wp","href":"https:\/\/api.w.org\/{rel}","templated":true}]}}