{"id":104724,"date":"2022-04-18T15:30:55","date_gmt":"2022-04-18T18:30:55","guid":{"rendered":"https:\/\/www.locoxelrojo.com\/independiente\/?p=104724"},"modified":"2022-04-18T19:25:51","modified_gmt":"2022-04-18T22:25:51","slug":"ostachuk-tambien-firmo-hasta-2024-con-independiente","status":"publish","type":"post","link":"https:\/\/www.locoxelrojo.com\/independiente\/2022\/04\/18\/ostachuk-tambien-firmo-hasta-2024-con-independiente\/","title":{"rendered":"Ostachuk tambi\u00e9n firm\u00f3 hasta 2024 con Independiente"},"content":{"rendered":"<p><a href=\"https:\/\/www.locoxelrojo.com\/independiente\/2022\/04\/18\/julian-romero-promesa-para-rato\/\">Al igual que <strong>Juli\u00e1n Romero<\/strong><\/a>, <strong>Patricio Ostachuk estamp\u00f3 la firma y extendi\u00f3 su v\u00ednculo contractual con Independiente.<\/strong><\/p>\n<p><strong>El defensor central de 21 a\u00f1os<\/strong>, que tambi\u00e9n ha jugado y cumplido en la posici\u00f3n de volante central, <strong>sell\u00f3 su contrato con el Rojo hasta el 31 de diciembre de 2024.<\/strong><\/p>\n<p><strong>Ostachuk tuvo su debut de la mano de Lucas Pusineri en 2020<\/strong> y vio acci\u00f3n en Primera con <strong>Julio C\u00e9sar Falcioni<\/strong> tanto por el torneo local como por la <strong>Copa Sudamericana<\/strong>. En total, <strong>ya jug\u00f3 17 partidos con la camiseta de Independiente, 8 de ellos como titular.<\/strong><\/p>\n<p><iframe loading=\"lazy\" title=\"YouTube video player\" src=\"https:\/\/www.youtube.com\/embed\/5A34c90hlOM\" width=\"560\" height=\"315\" frameborder=\"0\" allowfullscreen=\"allowfullscreen\"><\/iframe><\/p>\n<p>Desde la llegada de <strong>Eduardo Dom\u00ednguez<\/strong> como DT del Rey de Copas, <strong>fue 6 veces al banco de suplentes en lo que va del a\u00f1o y solamente ingres\u00f3 en la derrota 2-1 contra Cear\u00e1 en Brasil.<\/strong><\/p>\n<blockquote class=\"twitter-tweet\">\n<p dir=\"ltr\" lang=\"es\">Otra firma &#x1f44f;&#x1f3fb;<\/p>\n<p>Patricio Ostachuk extendi\u00f3 su contrato con <a href=\"https:\/\/twitter.com\/hashtag\/Independiente?src=hash&amp;ref_src=twsrc%5Etfw\">#Independiente<\/a> hasta el 31\/12\/2024<a href=\"https:\/\/twitter.com\/hashtag\/TodoRojo?src=hash&amp;ref_src=twsrc%5Etfw\">#TodoRojo<\/a> &#x1f534; <a href=\"https:\/\/t.co\/dt6BkHgPRM\">pic.twitter.com\/dt6BkHgPRM<\/a><\/p>\n<p>\u2014 C. A. Independiente (@Independiente) <a href=\"https:\/\/twitter.com\/Independiente\/status\/1516173902426255363?ref_src=twsrc%5Etfw\">April 18, 2022<\/a><\/p><\/blockquote>\n<p><script async src=\"https:\/\/platform.twitter.com\/widgets.js\" charset=\"utf-8\"><\/script><\/p>\n","protected":false},"excerpt":{"rendered":"<p>Al igual que Juli\u00e1n Romero, Patricio Ostachuk estamp\u00f3 la firma y extendi\u00f3 su v\u00ednculo contractual con Independiente. El defensor central de 21 a\u00f1os, que tambi\u00e9n ha jugado y cumplido en la posici\u00f3n de volante central, sell\u00f3 su contrato con el Rojo hasta el 31 de diciembre de 2024. Ostachuk tuvo su debut de la mano [&hellip;]<\/p>\n","protected":false},"author":101017,"featured_media":104725,"comment_status":"open","ping_status":"closed","sticky":false,"template":"","format":"standard","meta":{"_links_to":"","_links_to_target":""},"categories":[3247,3],"tags":[153,4739],"_links":{"self":[{"href":"https:\/\/www.locoxelrojo.com\/independiente\/wp-json\/wp\/v2\/posts\/104724"}],"collection":[{"href":"https:\/\/www.locoxelrojo.com\/independiente\/wp-json\/wp\/v2\/posts"}],"about":[{"href":"https:\/\/www.locoxelrojo.com\/independiente\/wp-json\/wp\/v2\/types\/post"}],"author":[{"embeddable":true,"href":"https:\/\/www.locoxelrojo.com\/independiente\/wp-json\/wp\/v2\/users\/101017"}],"replies":[{"embeddable":true,"href":"https:\/\/www.locoxelrojo.com\/independiente\/wp-json\/wp\/v2\/comments?post=104724"}],"version-history":[{"count":1,"href":"https:\/\/www.locoxelrojo.com\/independiente\/wp-json\/wp\/v2\/posts\/104724\/revisions"}],"predecessor-version":[{"id":104726,"href":"https:\/\/www.locoxelrojo.com\/independiente\/wp-json\/wp\/v2\/posts\/104724\/revisions\/104726"}],"wp:featuredmedia":[{"embeddable":true,"href":"https:\/\/www.locoxelrojo.com\/independiente\/wp-json\/wp\/v2\/media\/104725"}],"wp:attachment":[{"href":"https:\/\/www.locoxelrojo.com\/independiente\/wp-json\/wp\/v2\/media?parent=104724"}],"wp:term":[{"taxonomy":"category","embeddable":true,"href":"https:\/\/www.locoxelrojo.com\/independiente\/wp-json\/wp\/v2\/categories?post=104724"},{"taxonomy":"post_tag","embeddable":true,"href":"https:\/\/www.locoxelrojo.com\/independiente\/wp-json\/wp\/v2\/tags?post=104724"}],"curies":[{"name":"wp","href":"https:\/\/api.w.org\/{rel}","templated":true}]}}