{"id":104825,"date":"2022-04-22T15:00:56","date_gmt":"2022-04-22T18:00:56","guid":{"rendered":"https:\/\/www.locoxelrojo.com\/independiente\/?p=104825"},"modified":"2022-04-22T16:46:58","modified_gmt":"2022-04-22T19:46:58","slug":"concentrados-vs-central-togni-afuera-independiente","status":"publish","type":"post","link":"https:\/\/www.locoxelrojo.com\/independiente\/2022\/04\/22\/concentrados-vs-central-togni-afuera-independiente\/","title":{"rendered":"Concentrados vs Central: a Rosario con varios ausentes"},"content":{"rendered":"<p><strong>Eduardo Dom\u00ednguez confirm\u00f3 la lista concentrados de Independiente para visitar a Rosario Central <\/strong>el s\u00e1bado por la tarde, por la fecha 12 de la <strong>Copa de la Liga Profesional<\/strong>. <strong>Son 22 convocados.<\/strong><\/p>\n<p>El Rojo, pr\u00e1cticamente sin chances en el torneo, <strong>jugar\u00e1 ante el \u00faltimo de la zona B y que no gana hace seis partidos<\/strong>. Pese a esto, <strong>sumar de a tres en Rosario ser\u00e1 vital para que el equipo de Dom\u00ednguez recupera la confianza<\/strong>.<\/p>\n<p>La principal novedad entre los citados <b>es la ausencia de Gast\u00f3n Togni,<\/b> <a href=\"https:\/\/www.locoxelrojo.com\/independiente\/2022\/04\/22\/togni-baja-entrenamiento\/\">quien tuvo una sobrecarga en el entrenamiento<\/a> y<b> no viajar\u00e1 por precauci\u00f3n de los m\u00e9dicos<\/b>.<\/p>\n<h2>Los 22 concentrados:<\/h2>\n<p><strong>Arqueros:<\/strong>\u00a0Sebasti\u00e1n Sosa, Renzo Bacchia y Milton \u00c1lvarez.<\/p>\n<p><strong>Defensores:<\/strong>\u00a0Joaqu\u00edn Laso, Thomas Ortega, Gonzalo As\u00eds, Lucas Rodr\u00edguez, Sergio Barreto, Patricio Ostachuk, Ayrton Cosa y Juan Manuel Insaurralde.<\/p>\n<p><strong>Mediocampistas:<\/strong> Alan So\u00f1ora, Carlos Benav\u00eddez, Domingo Blanco, Lucas Romero y Tom\u00e1s Pozzo y Juan Cazares.<\/p>\n<p><strong>Delanteros:<\/strong> Dami\u00e1n Batallini, Leandro Fern\u00e1ndez, Leandro Benegas, Rodrigo M\u00e1rquez y Juli\u00e1n Romero.<\/p>\n<blockquote class=\"twitter-tweet\">\n<p dir=\"ltr\" lang=\"es\">&#x1f4cb; Lista de concentrados ante Rosario Central<a href=\"https:\/\/twitter.com\/hashtag\/TodoRojo?src=hash&amp;ref_src=twsrc%5Etfw\">#TodoRojo<\/a> &#x1f534; <a href=\"https:\/\/t.co\/FqB4sbcVpq\">pic.twitter.com\/FqB4sbcVpq<\/a><\/p>\n<p>\u2014 C. A. Independiente (@Independiente) <a href=\"https:\/\/twitter.com\/Independiente\/status\/1517526168999714816?ref_src=twsrc%5Etfw\">April 22, 2022<\/a><\/p><\/blockquote>\n<p><script async src=\"https:\/\/platform.twitter.com\/widgets.js\" charset=\"utf-8\"><\/script><\/p>\n","protected":false},"excerpt":{"rendered":"<p>Eduardo Dom\u00ednguez confirm\u00f3 la lista concentrados de Independiente para visitar a Rosario Central el s\u00e1bado por la tarde, por la fecha 12 de la Copa de la Liga Profesional. Son 22 convocados. El Rojo, pr\u00e1cticamente sin chances en el torneo, jugar\u00e1 ante el \u00faltimo de la zona B y que no gana hace seis partidos. [&hellip;]<\/p>\n","protected":false},"author":101027,"featured_media":104833,"comment_status":"open","ping_status":"closed","sticky":false,"template":"","format":"standard","meta":{"_links_to":"","_links_to_target":""},"categories":[3247,3],"tags":[153,3754,2207,3166,507],"_links":{"self":[{"href":"https:\/\/www.locoxelrojo.com\/independiente\/wp-json\/wp\/v2\/posts\/104825"}],"collection":[{"href":"https:\/\/www.locoxelrojo.com\/independiente\/wp-json\/wp\/v2\/posts"}],"about":[{"href":"https:\/\/www.locoxelrojo.com\/independiente\/wp-json\/wp\/v2\/types\/post"}],"author":[{"embeddable":true,"href":"https:\/\/www.locoxelrojo.com\/independiente\/wp-json\/wp\/v2\/users\/101027"}],"replies":[{"embeddable":true,"href":"https:\/\/www.locoxelrojo.com\/independiente\/wp-json\/wp\/v2\/comments?post=104825"}],"version-history":[{"count":5,"href":"https:\/\/www.locoxelrojo.com\/independiente\/wp-json\/wp\/v2\/posts\/104825\/revisions"}],"predecessor-version":[{"id":104835,"href":"https:\/\/www.locoxelrojo.com\/independiente\/wp-json\/wp\/v2\/posts\/104825\/revisions\/104835"}],"wp:featuredmedia":[{"embeddable":true,"href":"https:\/\/www.locoxelrojo.com\/independiente\/wp-json\/wp\/v2\/media\/104833"}],"wp:attachment":[{"href":"https:\/\/www.locoxelrojo.com\/independiente\/wp-json\/wp\/v2\/media?parent=104825"}],"wp:term":[{"taxonomy":"category","embeddable":true,"href":"https:\/\/www.locoxelrojo.com\/independiente\/wp-json\/wp\/v2\/categories?post=104825"},{"taxonomy":"post_tag","embeddable":true,"href":"https:\/\/www.locoxelrojo.com\/independiente\/wp-json\/wp\/v2\/tags?post=104825"}],"curies":[{"name":"wp","href":"https:\/\/api.w.org\/{rel}","templated":true}]}}