{"id":104918,"date":"2022-04-24T22:27:45","date_gmt":"2022-04-25T01:27:45","guid":{"rendered":"https:\/\/www.locoxelrojo.com\/independiente\/?p=104918"},"modified":"2022-04-24T23:31:41","modified_gmt":"2022-04-25T02:31:41","slug":"concentrados-vs-la-guaira-23-a-venezuela","status":"publish","type":"post","link":"https:\/\/www.locoxelrojo.com\/independiente\/2022\/04\/24\/concentrados-vs-la-guaira-23-a-venezuela\/","title":{"rendered":"Concentrados vs. La Guaira: 23 a Venezuela"},"content":{"rendered":"<p><strong>Eduardo Dom\u00ednguez confirm\u00f3 la lista de concentrados de Independiente para visitar a Deportivo La Guaira por Copa Sudamericana. Viajar\u00e1n 23 jugadores a Venezuela.<\/strong><\/p>\n<p>La \u00fanica novedad en la n\u00f3mina es <strong>la inclusi\u00f3n de Gast\u00f3n Togni<\/strong>, quien no hab\u00eda viajado a Rosario por <a href=\"https:\/\/www.locoxelrojo.com\/independiente\/2022\/04\/22\/togni-baja-entrenamiento\/\">una sobrecarga muscular en su isquiotibial<\/a>. Los dem\u00e1s son los mismos que hab\u00edan sido convocados ante Central.<\/p>\n<p>Cabe se\u00f1alar que Juan Manuel Insaurralde s\u00ed podr\u00e1 jugar porque <a href=\"https:\/\/www.locoxelrojo.com\/independiente\/2022\/04\/23\/la-irresponsable-expulsion-de-insaurralde\/\">su expulsi\u00f3n fue en el torneo local<\/a>\u00a0y la sanci\u00f3n no corre para este certamen.<\/p>\n<h3>Los que viajan a Venezuela<\/h3>\n<p><strong>Arqueros:<\/strong>\u00a0Sebasti\u00e1n Sosa, Renzo Bacchia y Milton \u00c1lvarez.<\/p>\n<p><strong>Defensores:<\/strong>\u00a0Joaqu\u00edn Laso, Thomas Ortega, Gonzalo As\u00eds, Lucas Rodr\u00edguez, Sergio Barreto, Patricio Ostachuk, Ayrton Cosa y Juan Manuel Insaurralde.<\/p>\n<p><strong>Mediocampistas:<\/strong> Alan So\u00f1ora, Carlos Benav\u00eddez, Domingo Blanco, Lucas Romero, Tom\u00e1s Pozzo y Juan Cazares.<\/p>\n<p><strong>Delanteros:<\/strong> Dami\u00e1n Batallini, Leandro Fern\u00e1ndez, Gast\u00f3n Togni, Leandro Benegas, Rodrigo M\u00e1rquez y Juli\u00e1n Romero.<\/p>\n","protected":false},"excerpt":{"rendered":"<p>Eduardo Dom\u00ednguez confirm\u00f3 la lista de concentrados de Independiente para visitar a Deportivo La Guaira por Copa Sudamericana. Viajar\u00e1n 23 jugadores a Venezuela. La \u00fanica novedad en la n\u00f3mina es la inclusi\u00f3n de Gast\u00f3n Togni, quien no hab\u00eda viajado a Rosario por una sobrecarga muscular en su isquiotibial. Los dem\u00e1s son los mismos que hab\u00edan [&hellip;]<\/p>\n","protected":false},"author":8,"featured_media":104921,"comment_status":"open","ping_status":"closed","sticky":false,"template":"","format":"standard","meta":{"_links_to":"","_links_to_target":""},"categories":[3247,3],"tags":[153,2024,4872,5143],"_links":{"self":[{"href":"https:\/\/www.locoxelrojo.com\/independiente\/wp-json\/wp\/v2\/posts\/104918"}],"collection":[{"href":"https:\/\/www.locoxelrojo.com\/independiente\/wp-json\/wp\/v2\/posts"}],"about":[{"href":"https:\/\/www.locoxelrojo.com\/independiente\/wp-json\/wp\/v2\/types\/post"}],"author":[{"embeddable":true,"href":"https:\/\/www.locoxelrojo.com\/independiente\/wp-json\/wp\/v2\/users\/8"}],"replies":[{"embeddable":true,"href":"https:\/\/www.locoxelrojo.com\/independiente\/wp-json\/wp\/v2\/comments?post=104918"}],"version-history":[{"count":2,"href":"https:\/\/www.locoxelrojo.com\/independiente\/wp-json\/wp\/v2\/posts\/104918\/revisions"}],"predecessor-version":[{"id":104920,"href":"https:\/\/www.locoxelrojo.com\/independiente\/wp-json\/wp\/v2\/posts\/104918\/revisions\/104920"}],"wp:featuredmedia":[{"embeddable":true,"href":"https:\/\/www.locoxelrojo.com\/independiente\/wp-json\/wp\/v2\/media\/104921"}],"wp:attachment":[{"href":"https:\/\/www.locoxelrojo.com\/independiente\/wp-json\/wp\/v2\/media?parent=104918"}],"wp:term":[{"taxonomy":"category","embeddable":true,"href":"https:\/\/www.locoxelrojo.com\/independiente\/wp-json\/wp\/v2\/categories?post=104918"},{"taxonomy":"post_tag","embeddable":true,"href":"https:\/\/www.locoxelrojo.com\/independiente\/wp-json\/wp\/v2\/tags?post=104918"}],"curies":[{"name":"wp","href":"https:\/\/api.w.org\/{rel}","templated":true}]}}