{"id":104928,"date":"2022-04-25T15:40:10","date_gmt":"2022-04-25T18:40:10","guid":{"rendered":"https:\/\/www.locoxelrojo.com\/independiente\/?p=104928"},"modified":"2022-04-25T15:40:10","modified_gmt":"2022-04-25T18:40:10","slug":"rudecindo-una-nueva-unidad-seria-una-defraudacion-para-los-socios","status":"publish","type":"post","link":"https:\/\/www.locoxelrojo.com\/independiente\/2022\/04\/25\/rudecindo-una-nueva-unidad-seria-una-defraudacion-para-los-socios\/","title":{"rendered":"Rudecindo: &#8220;Una nueva unidad ser\u00eda una defraudaci\u00f3n para los socios&#8221;"},"content":{"rendered":"<p><strong>Claudio Rudecindo, otra de las principales caras que tiene la oposici\u00f3n, se refiri\u00f3 al presente de Independiente.<\/strong><\/p>\n<p>En las \u00faltimas horas <a href=\"https:\/\/www.locoxelrojo.com\/independiente\/2022\/04\/24\/el-reclamo-de-doman-a-moyano-elecciones-unidad-o-renuncias\/\">Fabi\u00e1n Doman fue quien alz\u00f3 la bandera de la unidad<\/a>, algo que sorprendi\u00f3 ya que su discurso en campa\u00f1a fue siempre combativo para con las autoridades que manejan actualmente el club. Sin embargo, Rudecindo, candidato a presidente por Agrupaci\u00f3n Gente de Independiente, se mantuvo firme en su postura: &#8220;<strong>Ahora se habla de una nueva unidad. Ser\u00eda una defraudaci\u00f3n para los socios. Yo no creo en est\u00e1 unidad de la que hablan&#8221;<\/strong>.<\/p>\n<p><strong>&#8220;No puedo ser parte de algo que forme parte el oficialismo, por eso soy oposici\u00f3n y voy a ir a fondo&#8221;<\/strong>, ampli\u00f3, en di\u00e1logo con Independiente El Gran Campe\u00f3n. <strong>&#8220;Yo hoy prefiero ir al campo de batalla representando a la gente que me deleg\u00f3 la funci\u00f3n de estar al frente. Para q voy a estar dentro de una unidad en la q tengo que ceder lugares de gente que viene trabajando conmigo&#8221;<\/strong>, agreg\u00f3.<\/p>\n<p><strong>&#8220;Yo me voy a presentar. Si despu\u00e9s la otra lista opositora y el oficialismo pasan a ser una sola, ya no entender\u00e9 m\u00e1s nada&#8221;<\/strong>, cerr\u00f3.<\/p>\n","protected":false},"excerpt":{"rendered":"<p>Claudio Rudecindo, otra de las principales caras que tiene la oposici\u00f3n, se refiri\u00f3 al presente de Independiente. En las \u00faltimas horas Fabi\u00e1n Doman fue quien alz\u00f3 la bandera de la unidad, algo que sorprendi\u00f3 ya que su discurso en campa\u00f1a fue siempre combativo para con las autoridades que manejan actualmente el club. Sin embargo, Rudecindo, [&hellip;]<\/p>\n","protected":false},"author":1,"featured_media":102145,"comment_status":"open","ping_status":"closed","sticky":false,"template":"","format":"standard","meta":{"_links_to":"","_links_to_target":""},"categories":[3280,3247],"tags":[1024],"_links":{"self":[{"href":"https:\/\/www.locoxelrojo.com\/independiente\/wp-json\/wp\/v2\/posts\/104928"}],"collection":[{"href":"https:\/\/www.locoxelrojo.com\/independiente\/wp-json\/wp\/v2\/posts"}],"about":[{"href":"https:\/\/www.locoxelrojo.com\/independiente\/wp-json\/wp\/v2\/types\/post"}],"author":[{"embeddable":true,"href":"https:\/\/www.locoxelrojo.com\/independiente\/wp-json\/wp\/v2\/users\/1"}],"replies":[{"embeddable":true,"href":"https:\/\/www.locoxelrojo.com\/independiente\/wp-json\/wp\/v2\/comments?post=104928"}],"version-history":[{"count":1,"href":"https:\/\/www.locoxelrojo.com\/independiente\/wp-json\/wp\/v2\/posts\/104928\/revisions"}],"predecessor-version":[{"id":104929,"href":"https:\/\/www.locoxelrojo.com\/independiente\/wp-json\/wp\/v2\/posts\/104928\/revisions\/104929"}],"wp:featuredmedia":[{"embeddable":true,"href":"https:\/\/www.locoxelrojo.com\/independiente\/wp-json\/wp\/v2\/media\/102145"}],"wp:attachment":[{"href":"https:\/\/www.locoxelrojo.com\/independiente\/wp-json\/wp\/v2\/media?parent=104928"}],"wp:term":[{"taxonomy":"category","embeddable":true,"href":"https:\/\/www.locoxelrojo.com\/independiente\/wp-json\/wp\/v2\/categories?post=104928"},{"taxonomy":"post_tag","embeddable":true,"href":"https:\/\/www.locoxelrojo.com\/independiente\/wp-json\/wp\/v2\/tags?post=104928"}],"curies":[{"name":"wp","href":"https:\/\/api.w.org\/{rel}","templated":true}]}}