{"id":105040,"date":"2022-04-29T18:45:53","date_gmt":"2022-04-29T21:45:53","guid":{"rendered":"https:\/\/www.locoxelrojo.com\/independiente\/?p=105040"},"modified":"2022-04-29T22:15:47","modified_gmt":"2022-04-30T01:15:47","slug":"concentrados-vs-lanus-con-varios-pibes-y-bajas-por-lesion","status":"publish","type":"post","link":"https:\/\/www.locoxelrojo.com\/independiente\/2022\/04\/29\/concentrados-vs-lanus-con-varios-pibes-y-bajas-por-lesion\/","title":{"rendered":"Concentrados vs. Lan\u00fas: con varios pibes y bajas por lesi\u00f3n"},"content":{"rendered":"<p><strong>Eduardo Dom\u00ednguez confirm\u00f3 la lista de concentrados de Independiente para visitar a Lan\u00fas, con la inclusi\u00f3n de varios juveniles.<\/strong><\/p>\n<p>El Rojo jugar\u00e1 las pr\u00f3ximas dos fechas de la Copa de la Liga s\u00f3lo para cumplir, ya que no tiene chances de clasificarse a la pr\u00f3xima fase. Eso por eso que Eduardo Dom\u00ednguez decidi\u00f3 <strong>citar a algunos chicos de buen presente en la Reserva<\/strong>, para darles minutos en una instancia con menos presi\u00f3n.<\/p>\n<p><strong>Juan Pacchini, Ramiro Lobo, Rodrigo Atencio y Santiago Hidalgo<\/strong> se ganaron un lugar en la n\u00f3mina que enfrentar\u00e1 al Granate. Adem\u00e1s, regresaron <strong>Alex Vigo, Lucas Gonz\u00e1lez y Ger\u00f3nimo Poblete<\/strong>, ya recuperados de sus lesiones.<\/p>\n<p>En cuanto a las bajas, <strong>se qued\u00f3 afuera Juan Manuel Insaurralde<\/strong> por su expulsi\u00f3n ante Rosario Central y<strong> tampoco fueron citados Carlos Benav\u00eddez ni Dami\u00e1n Batallini<\/strong>. El uruguayo tiene una molestia muscular, mientras que el delantero arrastra una dolencia en el tobillo.<\/p>\n<h3>Los concentrados ante Lan\u00fas<\/h3>\n<p><strong>Arqueros:<\/strong>\u00a0Sebasti\u00e1n Sosa, Renzo Bacchia y Milton \u00c1lvarez.<\/p>\n<p><strong>Defensores:<\/strong> Joaqu\u00edn Laso, Thomas Ortega, Gonzalo As\u00eds, Lucas Rodr\u00edguez, Alex Vigo, Sergio Barreto, Patricio Ostachuk y Ayrton Costa.<\/p>\n<p><strong>Mediocampistas:<\/strong> Alan So\u00f1ora, Lucas Gonz\u00e1lez, Ger\u00f3nimo Poblete, Domingo Blanco, Juan Pacchini, Lucas Romero, Tom\u00e1s Pozzo, Ramiro Lobo, Rodrigo Atencio y Juan Cazares.<\/p>\n<p><strong>Delanteros:<\/strong> Leandro Fern\u00e1ndez, Gast\u00f3n Togni, Leandro Benegas, Rodrigo M\u00e1rquez, Santiago Hidalgo y Juli\u00e1n Romero.<\/p>\n","protected":false},"excerpt":{"rendered":"<p>Eduardo Dom\u00ednguez confirm\u00f3 la lista de concentrados de Independiente para visitar a Lan\u00fas, con la inclusi\u00f3n de varios juveniles. El Rojo jugar\u00e1 las pr\u00f3ximas dos fechas de la Copa de la Liga s\u00f3lo para cumplir, ya que no tiene chances de clasificarse a la pr\u00f3xima fase. Eso por eso que Eduardo Dom\u00ednguez decidi\u00f3 citar a [&hellip;]<\/p>\n","protected":false},"author":8,"featured_media":105045,"comment_status":"open","ping_status":"closed","sticky":false,"template":"","format":"standard","meta":{"_links_to":"","_links_to_target":""},"categories":[3247,3],"tags":[153,2024,3023],"_links":{"self":[{"href":"https:\/\/www.locoxelrojo.com\/independiente\/wp-json\/wp\/v2\/posts\/105040"}],"collection":[{"href":"https:\/\/www.locoxelrojo.com\/independiente\/wp-json\/wp\/v2\/posts"}],"about":[{"href":"https:\/\/www.locoxelrojo.com\/independiente\/wp-json\/wp\/v2\/types\/post"}],"author":[{"embeddable":true,"href":"https:\/\/www.locoxelrojo.com\/independiente\/wp-json\/wp\/v2\/users\/8"}],"replies":[{"embeddable":true,"href":"https:\/\/www.locoxelrojo.com\/independiente\/wp-json\/wp\/v2\/comments?post=105040"}],"version-history":[{"count":3,"href":"https:\/\/www.locoxelrojo.com\/independiente\/wp-json\/wp\/v2\/posts\/105040\/revisions"}],"predecessor-version":[{"id":105046,"href":"https:\/\/www.locoxelrojo.com\/independiente\/wp-json\/wp\/v2\/posts\/105040\/revisions\/105046"}],"wp:featuredmedia":[{"embeddable":true,"href":"https:\/\/www.locoxelrojo.com\/independiente\/wp-json\/wp\/v2\/media\/105045"}],"wp:attachment":[{"href":"https:\/\/www.locoxelrojo.com\/independiente\/wp-json\/wp\/v2\/media?parent=105040"}],"wp:term":[{"taxonomy":"category","embeddable":true,"href":"https:\/\/www.locoxelrojo.com\/independiente\/wp-json\/wp\/v2\/categories?post=105040"},{"taxonomy":"post_tag","embeddable":true,"href":"https:\/\/www.locoxelrojo.com\/independiente\/wp-json\/wp\/v2\/tags?post=105040"}],"curies":[{"name":"wp","href":"https:\/\/api.w.org\/{rel}","templated":true}]}}