{"id":10506,"date":"2011-08-25T14:00:33","date_gmt":"2011-08-25T17:00:33","guid":{"rendered":"http:\/\/www.locoxelrojo.com.ar\/independiente\/?p=10506"},"modified":"2011-08-25T14:38:06","modified_gmt":"2011-08-25T17:38:06","slug":"la-involucion-de-hilario-navarro","status":"publish","type":"post","link":"https:\/\/www.locoxelrojo.com\/independiente\/2011\/08\/25\/la-involucion-de-hilario-navarro\/","title":{"rendered":"La involuci\u00f3n de Hilario Navarro"},"content":{"rendered":"<p><a href=\"http:\/\/www.locoxelrojo.com.ar\/independiente\/wp-content\/uploads\/2011\/08\/navarro.jpg\"><img loading=\"lazy\" src=\"http:\/\/www.locoxelrojo.com.ar\/independiente\/wp-content\/uploads\/2011\/08\/navarro.jpg\" alt=\"\" title=\"navarro\" width=\"590\" height=\"315\" class=\"alignnone size-full wp-image-10507\" srcset=\"https:\/\/locoxelrojo.com\/independiente\/wp-content\/uploads\/2011\/08\/navarro.jpg 590w, https:\/\/locoxelrojo.com\/independiente\/wp-content\/uploads\/2011\/08\/navarro-300x160.jpg 300w\" sizes=\"(max-width: 590px) 100vw, 590px\" \/><\/a><\/p>\n<p>Hilario Navarro ya no es el mismo de 2010, ese arquero que se destac\u00f3 en la Copa Sudamericana con brillantes intervenciones y que fue figura en la \u00faltima consagraci\u00f3n de Independiente. El rendimiento del correntino va de mal en peor, a tal punto de que fue uno de los m\u00e1ximos responsables de que el Inter se quede con el triunfo en la Recopa. \u00bfPor qu\u00e9 decay\u00f3 tanto su nivel?. \u00bf\u00c9l mismo tiene la culpa absoluta de su presente?. Repasemos\u2026<\/p>\n<p>Luego de salir campe\u00f3n en diciembre del a\u00f1o pasado, Hilario arranc\u00f3 con un buen nivel el 2011 en medio de una pretemporada improvisada en lo f\u00edsico y en lo futbol\u00edstico. Los nuevos compromisos que deb\u00eda afrontar Independiente exig\u00edan una preparaci\u00f3n m\u00e1s exigente, la cual no pudo cumplirse del todo. As\u00ed, el correntino dej\u00f3 de tener ese plus que lo hac\u00eda sobresalir entre los dem\u00e1s arqueros del plantel y poco a poco comenz\u00f3 a bajar su nivel en el torneo Clausura.<\/p>\n<p>La parte f\u00edsica comenz\u00f3 a jugarle una mala pasada, que luego devino en lesiones que le impidieron estar en el arco de Independiente en varias oportunidades. Posteriormente, su falta de ritmo puso en duda su supremac\u00eda sobre Adri\u00e1n Gabbarini y Fabi\u00e1n Assmann, algo que evidentemente repercuti\u00f3 en la mentalidad del arquero al ser cuestionado por los hinchas y el periodismo. Pero, sin dudas, el momento clave de este cambio tan rotundo en el ex Racing se registr\u00f3 en el \u00faltimo receso de invierno\u2026<\/p>\n<p>Hilario estuvo a punto de incorporarse a Boca, pero no pas\u00f3 la revisi\u00f3n m\u00e9dica y no fue pudo ser transferido, ya que los dirigentes del Xeneize no aprobaron su llegada. Como si esto fuese poco, el correntino debi\u00f3 soportar que sus problemas f\u00edsicos fuesen revelados p\u00fablicamente, lo que devino en un desprestigio moral con un obvio baj\u00f3n an\u00edmico que \u00e9l mismo reconoci\u00f3. Las trabas ya no eran f\u00edsicas, sino tambi\u00e9n psicol\u00f3gicas, y Navarro pas\u00f3 de ser un arquero de primer nivel a estar constantemente en el ojo de la tormenta.<\/p>\n<p>Su inseguridad aument\u00f3 cada vez m\u00e1s, mientras que las lesiones lo siguieron acosando. De hecho, ante el Inter, Hilario no estuvo al 100% f\u00edsicamente, aunque el entrenador lo mantuvo igualmente como titular\u2026 y lo pag\u00f3 caro. El \u201c1\u201d sinti\u00f3 obvias molestias en todo el partido, estuvo muy desconcentrado y cometi\u00f3 errores infantiles que ayudaron mucho a que el equipo brasile\u00f1o sea el ganador del encuentro. Ese fue el \u00faltimo cap\u00edtulo del retroceso del arquero correntino, y en este contexto, queda por evaluar qui\u00e9n tuvo m\u00e1s responsabilidad en todo el descenso de su rendimiento: el propio Navarro, su preparaci\u00f3n f\u00edsica, las decisiones del director t\u00e9cnico, las cr\u00edticas hacia el jugador o todo junto.<\/p>\n","protected":false},"excerpt":{"rendered":"<p>Hilario Navarro ya no es el mismo de 2010, ese arquero que se destac\u00f3 en la Copa Sudamericana con brillantes intervenciones y que fue figura en la \u00faltima consagraci\u00f3n de Independiente. El rendimiento del correntino va de mal en peor, a tal punto de que fue uno de los m\u00e1ximos responsables de que el Inter [&hellip;]<\/p>\n","protected":false},"author":8,"featured_media":0,"comment_status":"open","ping_status":"open","sticky":false,"template":"","format":"standard","meta":{"_links_to":"","_links_to_target":""},"categories":[3,1,356],"tags":[153,76,357,3272],"_links":{"self":[{"href":"https:\/\/www.locoxelrojo.com\/independiente\/wp-json\/wp\/v2\/posts\/10506"}],"collection":[{"href":"https:\/\/www.locoxelrojo.com\/independiente\/wp-json\/wp\/v2\/posts"}],"about":[{"href":"https:\/\/www.locoxelrojo.com\/independiente\/wp-json\/wp\/v2\/types\/post"}],"author":[{"embeddable":true,"href":"https:\/\/www.locoxelrojo.com\/independiente\/wp-json\/wp\/v2\/users\/8"}],"replies":[{"embeddable":true,"href":"https:\/\/www.locoxelrojo.com\/independiente\/wp-json\/wp\/v2\/comments?post=10506"}],"version-history":[{"count":0,"href":"https:\/\/www.locoxelrojo.com\/independiente\/wp-json\/wp\/v2\/posts\/10506\/revisions"}],"wp:attachment":[{"href":"https:\/\/www.locoxelrojo.com\/independiente\/wp-json\/wp\/v2\/media?parent=10506"}],"wp:term":[{"taxonomy":"category","embeddable":true,"href":"https:\/\/www.locoxelrojo.com\/independiente\/wp-json\/wp\/v2\/categories?post=10506"},{"taxonomy":"post_tag","embeddable":true,"href":"https:\/\/www.locoxelrojo.com\/independiente\/wp-json\/wp\/v2\/tags?post=10506"}],"curies":[{"name":"wp","href":"https:\/\/api.w.org\/{rel}","templated":true}]}}