{"id":105143,"date":"2022-05-02T20:19:10","date_gmt":"2022-05-02T23:19:10","guid":{"rendered":"https:\/\/www.locoxelrojo.com\/independiente\/?p=105143"},"modified":"2022-05-02T20:19:10","modified_gmt":"2022-05-02T23:19:10","slug":"las-dos-incognitas-de-dominguez","status":"publish","type":"post","link":"https:\/\/www.locoxelrojo.com\/independiente\/2022\/05\/02\/las-dos-incognitas-de-dominguez\/","title":{"rendered":"Las dos inc\u00f3gnitas de Dom\u00ednguez"},"content":{"rendered":"<p><strong>Independiente viaja a Paraguay para enfrentar a General Caballero<\/strong> por la 4ta fecha de la Copa Sudamericana. <strong>Eduardo Dom\u00ednguez tiene el equipo pr\u00e1cticamente confirmado,<\/strong> aunque todav\u00eda <strong>permanece una inc\u00f3gnita y debe resolver una sensible baja de \u00faltimo momento.<\/strong><\/p>\n<p><a href=\"https:\/\/www.locoxelrojo.com\/independiente\/2022\/04\/30\/campana-asquerosa\/\">Luego de la rotaci\u00f3n de jugadores frente a Lan\u00fas<\/a>, <strong>el entrenador buscar\u00e1 un triunfo<\/strong> que le permita seguir con chances en el certamen continental. <strong>Las dudas est\u00e1n en la parte ofensiva.<\/strong><\/p>\n<p><strong>Leandro Benegas fue desafectado del viaje<\/strong> por un s\u00edndrome vertiginoso, por lo que las opciones para reemplazarlo recaen en <strong>Leandro Fern\u00e1ndez o el joven Juli\u00e1n Romero<\/strong>. Por otra parte, Dom\u00ednguez definir\u00e1 a \u00faltimo momento si utilizar\u00e1 a <strong>Gast\u00f3n Togni o a Dami\u00e1n Batallini<\/strong> para completar el once inicial.<\/p>\n<blockquote class=\"twitter-tweet\" data-width=\"550\" data-dnt=\"true\">\n<p lang=\"es\" dir=\"ltr\">\ud83d\udccbNos vamos a Paraguay <\/p>\n<p>Lista de concentrados ante General Caballero<a href=\"https:\/\/twitter.com\/hashtag\/IFC?src=hash&amp;ref_src=twsrc%5Etfw\">#IFC<\/a> <a href=\"https:\/\/twitter.com\/hashtag\/TodoRojo?src=hash&amp;ref_src=twsrc%5Etfw\">#TodoRojo<\/a> \ud83d\udd34 <a href=\"https:\/\/t.co\/LtgLPFrj40\">pic.twitter.com\/LtgLPFrj40<\/a><\/p>\n<p>&mdash; C. A. Independiente (@Independiente) <a href=\"https:\/\/twitter.com\/Independiente\/status\/1521183004093124608?ref_src=twsrc%5Etfw\">May 2, 2022<\/a><\/p><\/blockquote>\n<p><script async src=\"https:\/\/platform.twitter.com\/widgets.js\" charset=\"utf-8\"><\/script><\/p>\n<p>La primera opci\u00f3n le brinda <strong>la posibilidad de cambiar de esquemas sin tener que realizar modificaciones<\/strong>, dado que <strong>Togni puede ocupar distintas posiciones en el campo.<\/strong> Por otra parte, <strong>Bata puede brindar mayor peso ofensivo,<\/strong> a pesar de que sus \u00faltimos partidos fueron flojos y <strong>sigue sin convertir<\/strong> con la camiseta del Rey de Copas.<\/p>\n<p><strong>El probable 11:<\/strong> Sebasti\u00e1n Sosa; Gonzalo As\u00eds, Sergio Barreto, Juan Insaurralde, Lucas Rodr\u00edguez; Domingo Blanco, Lucas Romero, Tom\u00e1s Pozzo; Alan So\u00f1ora, Leandro Fern\u00e1ndez y Gast\u00f3n Togni\/Dami\u00e1n Batallini.<\/p>\n","protected":false},"excerpt":{"rendered":"<p>Independiente viaja a Paraguay para enfrentar a General Caballero por la 4ta fecha de la Copa Sudamericana. Eduardo Dom\u00ednguez tiene el equipo pr\u00e1cticamente confirmado, aunque todav\u00eda permanece una inc\u00f3gnita y debe resolver una sensible baja de \u00faltimo momento. Luego de la rotaci\u00f3n de jugadores frente a Lan\u00fas, el entrenador buscar\u00e1 un triunfo que le permita [&hellip;]<\/p>\n","protected":false},"author":101029,"featured_media":105157,"comment_status":"open","ping_status":"closed","sticky":false,"template":"","format":"standard","meta":{"_links_to":"","_links_to_target":""},"categories":[3247,3],"tags":[153,4872,4294,2207,3166,5144,5128,2921],"_links":{"self":[{"href":"https:\/\/www.locoxelrojo.com\/independiente\/wp-json\/wp\/v2\/posts\/105143"}],"collection":[{"href":"https:\/\/www.locoxelrojo.com\/independiente\/wp-json\/wp\/v2\/posts"}],"about":[{"href":"https:\/\/www.locoxelrojo.com\/independiente\/wp-json\/wp\/v2\/types\/post"}],"author":[{"embeddable":true,"href":"https:\/\/www.locoxelrojo.com\/independiente\/wp-json\/wp\/v2\/users\/101029"}],"replies":[{"embeddable":true,"href":"https:\/\/www.locoxelrojo.com\/independiente\/wp-json\/wp\/v2\/comments?post=105143"}],"version-history":[{"count":2,"href":"https:\/\/www.locoxelrojo.com\/independiente\/wp-json\/wp\/v2\/posts\/105143\/revisions"}],"predecessor-version":[{"id":105146,"href":"https:\/\/www.locoxelrojo.com\/independiente\/wp-json\/wp\/v2\/posts\/105143\/revisions\/105146"}],"wp:featuredmedia":[{"embeddable":true,"href":"https:\/\/www.locoxelrojo.com\/independiente\/wp-json\/wp\/v2\/media\/105157"}],"wp:attachment":[{"href":"https:\/\/www.locoxelrojo.com\/independiente\/wp-json\/wp\/v2\/media?parent=105143"}],"wp:term":[{"taxonomy":"category","embeddable":true,"href":"https:\/\/www.locoxelrojo.com\/independiente\/wp-json\/wp\/v2\/categories?post=105143"},{"taxonomy":"post_tag","embeddable":true,"href":"https:\/\/www.locoxelrojo.com\/independiente\/wp-json\/wp\/v2\/tags?post=105143"}],"curies":[{"name":"wp","href":"https:\/\/api.w.org\/{rel}","templated":true}]}}