{"id":105353,"date":"2022-05-09T18:56:51","date_gmt":"2022-05-09T21:56:51","guid":{"rendered":"https:\/\/www.locoxelrojo.com\/independiente\/?p=105353"},"modified":"2022-05-09T18:58:09","modified_gmt":"2022-05-09T21:58:09","slug":"los-ultimos-dos-del-semestre","status":"publish","type":"post","link":"https:\/\/www.locoxelrojo.com\/independiente\/2022\/05\/09\/los-ultimos-dos-del-semestre\/","title":{"rendered":"Los \u00faltimos dos del semestre"},"content":{"rendered":"<p>Independiente cerr\u00f3 su participaci\u00f3n en la Copa de la Liga <a href=\"https:\/\/www.locoxelrojo.com\/independiente\/2022\/05\/07\/independiente-huracan-cerro-el-torneo-con-una-goleada\/\">con la victoria ante Hurac\u00e1n<\/a>. Sin embargo, <strong>a\u00fan le restan dos partidos de la Copa Sudamericana para completa el semestre.<\/strong><\/p>\n<p>El 3-0 con el Globo fue el fin de partidos en el \u00e1mbito local para los dirigidos por Eduardo Dom\u00ednguez. Ahora, <strong>el objetivo primordial es clasificar primero en el Grupo G de la Copa Sudamericana.<\/strong><\/p>\n<p>Con la obligaci\u00f3n de ganar para seguir con vida, <strong>el Rojo enfrentar\u00e1 el jueves 19 de mayo a Deportivo La Guaira por la fecha 5 de la Copa Sudamericana a las 19.15<\/strong> en el Estadio Libertadores de Am\u00e9rica \u2013 Ricardo Enrique Bochini.<\/p>\n<p>En el mismo escenario, <strong>cierra con Cear\u00e1 el mi\u00e9rcoles 25 de mayo a las 21.30.<\/strong><\/p>\n<h2>\u00bfC\u00f3mo est\u00e1 la tabla?<\/h2>\n<blockquote class=\"twitter-tweet\" data-width=\"550\" data-dnt=\"true\">\n<p lang=\"es\" dir=\"ltr\">\ud83d\udd25 \u00a1Las posiciones en los ocho grupos de la CONMEBOL <a href=\"https:\/\/twitter.com\/hashtag\/Sudamericana?src=hash&amp;ref_src=twsrc%5Etfw\">#Sudamericana<\/a>! <\/p>\n<p>\ud83d\udcc8\ud83c\udfc6 A\u00fan sin clasificados a Octavos de Final, as\u00ed quedaron las tablas tras la Fecha 4.<a href=\"https:\/\/twitter.com\/hashtag\/GloriaEterna?src=hash&amp;ref_src=twsrc%5Etfw\">#GloriaEterna<\/a> <a href=\"https:\/\/t.co\/OzA5oHLix9\">pic.twitter.com\/OzA5oHLix9<\/a><\/p>\n<p>&mdash; CONMEBOL Sudamericana (@Sudamericana) <a href=\"https:\/\/twitter.com\/Sudamericana\/status\/1522421075568644097?ref_src=twsrc%5Etfw\">May 6, 2022<\/a><\/p><\/blockquote>\n<p><script async src=\"https:\/\/platform.twitter.com\/widgets.js\" charset=\"utf-8\"><\/script><\/p>\n<p>&nbsp;<\/p>\n","protected":false},"excerpt":{"rendered":"<p>Independiente cerr\u00f3 su participaci\u00f3n en la Copa de la Liga con la victoria ante Hurac\u00e1n. Sin embargo, a\u00fan le restan dos partidos de la Copa Sudamericana para completa el semestre. El 3-0 con el Globo fue el fin de partidos en el \u00e1mbito local para los dirigidos por Eduardo Dom\u00ednguez. Ahora, el objetivo primordial es [&hellip;]<\/p>\n","protected":false},"author":101031,"featured_media":104966,"comment_status":"open","ping_status":"closed","sticky":false,"template":"","format":"standard","meta":{"_links_to":"","_links_to_target":""},"categories":[7,3247],"tags":[4009,153,4872,5143],"_links":{"self":[{"href":"https:\/\/www.locoxelrojo.com\/independiente\/wp-json\/wp\/v2\/posts\/105353"}],"collection":[{"href":"https:\/\/www.locoxelrojo.com\/independiente\/wp-json\/wp\/v2\/posts"}],"about":[{"href":"https:\/\/www.locoxelrojo.com\/independiente\/wp-json\/wp\/v2\/types\/post"}],"author":[{"embeddable":true,"href":"https:\/\/www.locoxelrojo.com\/independiente\/wp-json\/wp\/v2\/users\/101031"}],"replies":[{"embeddable":true,"href":"https:\/\/www.locoxelrojo.com\/independiente\/wp-json\/wp\/v2\/comments?post=105353"}],"version-history":[{"count":1,"href":"https:\/\/www.locoxelrojo.com\/independiente\/wp-json\/wp\/v2\/posts\/105353\/revisions"}],"predecessor-version":[{"id":105355,"href":"https:\/\/www.locoxelrojo.com\/independiente\/wp-json\/wp\/v2\/posts\/105353\/revisions\/105355"}],"wp:featuredmedia":[{"embeddable":true,"href":"https:\/\/www.locoxelrojo.com\/independiente\/wp-json\/wp\/v2\/media\/104966"}],"wp:attachment":[{"href":"https:\/\/www.locoxelrojo.com\/independiente\/wp-json\/wp\/v2\/media?parent=105353"}],"wp:term":[{"taxonomy":"category","embeddable":true,"href":"https:\/\/www.locoxelrojo.com\/independiente\/wp-json\/wp\/v2\/categories?post=105353"},{"taxonomy":"post_tag","embeddable":true,"href":"https:\/\/www.locoxelrojo.com\/independiente\/wp-json\/wp\/v2\/tags?post=105353"}],"curies":[{"name":"wp","href":"https:\/\/api.w.org\/{rel}","templated":true}]}}