{"id":105410,"date":"2022-05-12T13:44:02","date_gmt":"2022-05-12T16:44:02","guid":{"rendered":"https:\/\/www.locoxelrojo.com\/independiente\/?p=105410"},"modified":"2022-05-12T13:44:02","modified_gmt":"2022-05-12T16:44:02","slug":"un-mes-afuera","status":"publish","type":"post","link":"https:\/\/www.locoxelrojo.com\/independiente\/2022\/05\/12\/un-mes-afuera\/","title":{"rendered":"Un mes afuera"},"content":{"rendered":"<p><strong>Santiago Hidalgo sufri\u00f3 una lesi\u00f3n y deber\u00e1 estar un mes afuera.<\/strong><\/p>\n<p>El juvenil que est\u00e1 dando sus primeros pasos en la Primera de Independiente <strong>tendr\u00e1 que esperar un tiempo m\u00e1s para tener su tan ansiado debut en el Rojo.<\/strong><\/p>\n<p>Aprovechando este parate y <a href=\"https:\/\/www.locoxelrojo.com\/independiente\/2022\/05\/09\/los-ultimos-dos-del-semestre\/\">a la espera de los partido por Copa Sudamericana<\/a>, Eduardo Dom\u00ednguez program\u00f3 una serie de entrenamientos m\u00e1s apuntado en lo f\u00edsico, por eso, <strong>varios de los chicos pasaron a entrenar junto a la Reserva de Claudio Graf<\/strong>. Ah\u00ed, <strong>Hidalgo desafortunadamente padeci\u00f3 la fractura 4to y 5to metacarpiano de su mano.<\/strong><\/p>\n<p>Si bien la Reserva est\u00e1 sin competencia y dif\u00edcilmente hubiera tenido algunos minutos en Primera, el joven delantero <strong>tendr\u00e1 al menos 35 d\u00edas de recuperaci\u00f3n.<\/strong><\/p>\n<p>\u00a1A recuperarse, Santi!<\/p>\n<blockquote class=\"twitter-tweet\" data-width=\"550\" data-dnt=\"true\">\n<p lang=\"es\" dir=\"ltr\">\ud83d\udccc Parte m\u00e9dico &#8211; Santiago Hidalgo<\/p>\n<p>En la pr\u00e1ctica de Reserva de ayer por la tarde, el delantero sufri\u00f3 la fractura del cuarto y quinto metacarpiano. Tendr\u00e1 para 35 d\u00edas de recuperaci\u00f3n.<\/p>\n<p>\u00a1A recuperarse y volver con todo, Santi! <a href=\"https:\/\/t.co\/bojLmiDtcP\">pic.twitter.com\/bojLmiDtcP<\/a><\/p>\n<p>&mdash; C. A. Independiente (@Independiente) <a href=\"https:\/\/twitter.com\/Independiente\/status\/1524772462516396032?ref_src=twsrc%5Etfw\">May 12, 2022<\/a><\/p><\/blockquote>\n<p><script async src=\"https:\/\/platform.twitter.com\/widgets.js\" charset=\"utf-8\"><\/script><\/p>\n","protected":false},"excerpt":{"rendered":"<p>Santiago Hidalgo sufri\u00f3 una lesi\u00f3n y deber\u00e1 estar un mes afuera. El juvenil que est\u00e1 dando sus primeros pasos en la Primera de Independiente tendr\u00e1 que esperar un tiempo m\u00e1s para tener su tan ansiado debut en el Rojo. Aprovechando este parate y a la espera de los partido por Copa Sudamericana, Eduardo Dom\u00ednguez program\u00f3 [&hellip;]<\/p>\n","protected":false},"author":1,"featured_media":105411,"comment_status":"open","ping_status":"closed","sticky":false,"template":"","format":"standard","meta":{"_links_to":"","_links_to_target":""},"categories":[3247,3],"tags":[153,4200],"_links":{"self":[{"href":"https:\/\/www.locoxelrojo.com\/independiente\/wp-json\/wp\/v2\/posts\/105410"}],"collection":[{"href":"https:\/\/www.locoxelrojo.com\/independiente\/wp-json\/wp\/v2\/posts"}],"about":[{"href":"https:\/\/www.locoxelrojo.com\/independiente\/wp-json\/wp\/v2\/types\/post"}],"author":[{"embeddable":true,"href":"https:\/\/www.locoxelrojo.com\/independiente\/wp-json\/wp\/v2\/users\/1"}],"replies":[{"embeddable":true,"href":"https:\/\/www.locoxelrojo.com\/independiente\/wp-json\/wp\/v2\/comments?post=105410"}],"version-history":[{"count":1,"href":"https:\/\/www.locoxelrojo.com\/independiente\/wp-json\/wp\/v2\/posts\/105410\/revisions"}],"predecessor-version":[{"id":105412,"href":"https:\/\/www.locoxelrojo.com\/independiente\/wp-json\/wp\/v2\/posts\/105410\/revisions\/105412"}],"wp:featuredmedia":[{"embeddable":true,"href":"https:\/\/www.locoxelrojo.com\/independiente\/wp-json\/wp\/v2\/media\/105411"}],"wp:attachment":[{"href":"https:\/\/www.locoxelrojo.com\/independiente\/wp-json\/wp\/v2\/media?parent=105410"}],"wp:term":[{"taxonomy":"category","embeddable":true,"href":"https:\/\/www.locoxelrojo.com\/independiente\/wp-json\/wp\/v2\/categories?post=105410"},{"taxonomy":"post_tag","embeddable":true,"href":"https:\/\/www.locoxelrojo.com\/independiente\/wp-json\/wp\/v2\/tags?post=105410"}],"curies":[{"name":"wp","href":"https:\/\/api.w.org\/{rel}","templated":true}]}}