{"id":105472,"date":"2022-05-16T20:56:23","date_gmt":"2022-05-16T23:56:23","guid":{"rendered":"https:\/\/www.locoxelrojo.com\/independiente\/?p=105472"},"modified":"2022-05-16T20:56:23","modified_gmt":"2022-05-16T23:56:23","slug":"peores-refuerzos-de-la-gestion-de-hugo-moyano","status":"publish","type":"post","link":"https:\/\/www.locoxelrojo.com\/independiente\/2022\/05\/16\/peores-refuerzos-de-la-gestion-de-hugo-moyano\/","title":{"rendered":"Los 7 peores refuerzos de la gesti\u00f3n de Hugo Moyano"},"content":{"rendered":"<p>Uno de los grandes detonantes que golpe\u00f3 muy fuerte a la era de <strong>Hugo Moyano<\/strong> por sus recurrentes y graves desaciertos fueron los mercados de pases. Es por eso que repasaremos <strong>las peores incorporaciones que dej\u00f3 su gesti\u00f3n<\/strong>.<\/p>\n<p>Tres son los factores que destacamos para armar esta lista de futbolistas que no estuvieron a la altura de <strong>Independiente<\/strong>: el <strong>precio que pagaron o se comprometieron a pagar<\/strong>, <strong>las expectativas previas y el rendimiento futbol\u00edstico<\/strong>.<\/p>\n<p>La particularidad es que seis de los siete seleccionados corresponden al segundo mandato de<strong> Hugo Moyano<\/strong>. El \u00fanico de su primer ciclo es <strong>Cristian Rodr\u00edguez<\/strong>, con quien arrancamos este resumen de una de las tantas aristas de <strong>una de las presidencias m\u00e1s pol\u00e9micas<\/strong>. \u00a1Mir\u00e1!<\/p>\n<p><iframe loading=\"lazy\" title=\"YouTube video player\" src=\"https:\/\/www.youtube.com\/embed\/nJXZ2CzFstM\" width=\"560\" height=\"315\" frameborder=\"0\" allowfullscreen=\"allowfullscreen\"><\/iframe><\/p>\n<p>Anteriormente ya hab\u00edamos enumerado <a href=\"https:\/\/www.locoxelrojo.com\/independiente\/2021\/12\/26\/los-mejores-7-refuerzos-de-la-era-moyano\/\">sus aciertos en los mercados de pases.<\/a> Y si bien fueron much\u00edsimos menos esos casos, lo cierto es que varios de ellos dejaron no solo un r\u00e9dito positivo deportivamente hablando sino tambi\u00e9n desde lo econ\u00f3mico.<\/p>\n<p><iframe loading=\"lazy\" title=\"YouTube video player\" src=\"https:\/\/www.youtube.com\/embed\/EB_F4iX7A7c\" width=\"560\" height=\"315\" frameborder=\"0\" allowfullscreen=\"allowfullscreen\"><\/iframe><\/p>\n","protected":false},"excerpt":{"rendered":"<p>Uno de los grandes detonantes que golpe\u00f3 muy fuerte a la era de Hugo Moyano por sus recurrentes y graves desaciertos fueron los mercados de pases. Es por eso que repasaremos las peores incorporaciones que dej\u00f3 su gesti\u00f3n. Tres son los factores que destacamos para armar esta lista de futbolistas que no estuvieron a la [&hellip;]<\/p>\n","protected":false},"author":19,"featured_media":105473,"comment_status":"open","ping_status":"closed","sticky":false,"template":"","format":"standard","meta":{"_links_to":"","_links_to_target":""},"categories":[3261,3247],"tags":[3370,4104,153,4313,2979,3747,3902,3757,140,3219],"_links":{"self":[{"href":"https:\/\/www.locoxelrojo.com\/independiente\/wp-json\/wp\/v2\/posts\/105472"}],"collection":[{"href":"https:\/\/www.locoxelrojo.com\/independiente\/wp-json\/wp\/v2\/posts"}],"about":[{"href":"https:\/\/www.locoxelrojo.com\/independiente\/wp-json\/wp\/v2\/types\/post"}],"author":[{"embeddable":true,"href":"https:\/\/www.locoxelrojo.com\/independiente\/wp-json\/wp\/v2\/users\/19"}],"replies":[{"embeddable":true,"href":"https:\/\/www.locoxelrojo.com\/independiente\/wp-json\/wp\/v2\/comments?post=105472"}],"version-history":[{"count":3,"href":"https:\/\/www.locoxelrojo.com\/independiente\/wp-json\/wp\/v2\/posts\/105472\/revisions"}],"predecessor-version":[{"id":105481,"href":"https:\/\/www.locoxelrojo.com\/independiente\/wp-json\/wp\/v2\/posts\/105472\/revisions\/105481"}],"wp:featuredmedia":[{"embeddable":true,"href":"https:\/\/www.locoxelrojo.com\/independiente\/wp-json\/wp\/v2\/media\/105473"}],"wp:attachment":[{"href":"https:\/\/www.locoxelrojo.com\/independiente\/wp-json\/wp\/v2\/media?parent=105472"}],"wp:term":[{"taxonomy":"category","embeddable":true,"href":"https:\/\/www.locoxelrojo.com\/independiente\/wp-json\/wp\/v2\/categories?post=105472"},{"taxonomy":"post_tag","embeddable":true,"href":"https:\/\/www.locoxelrojo.com\/independiente\/wp-json\/wp\/v2\/tags?post=105472"}],"curies":[{"name":"wp","href":"https:\/\/api.w.org\/{rel}","templated":true}]}}