{"id":105535,"date":"2022-05-18T16:23:11","date_gmt":"2022-05-18T19:23:11","guid":{"rendered":"https:\/\/www.locoxelrojo.com\/independiente\/?p=105535"},"modified":"2022-05-18T20:38:29","modified_gmt":"2022-05-18T23:38:29","slug":"concentrados-vs-la-guaira-con-la-vuelta-de-benegas-y-tres-bajas","status":"publish","type":"post","link":"https:\/\/www.locoxelrojo.com\/independiente\/2022\/05\/18\/concentrados-vs-la-guaira-con-la-vuelta-de-benegas-y-tres-bajas\/","title":{"rendered":"Concentrados vs. La Guaira: con la vuelta de Benegas y tres bajas"},"content":{"rendered":"<p><strong>Eduardo Dom\u00ednguez entreg\u00f3 la lista de concentrados de Independiente para recibir a Deportivo La Guaira, por la fecha 5 de la Copa Sudamericana <\/strong><strong>2022<\/strong>.<\/p>\n<p>El entrenador cit\u00f3 a 24 jugadores. Se destaca <strong>la vuelta de Leandro Benegas<\/strong>, quien se perdi\u00f3 algunos partidos por el curioso &#8220;s\u00edndrome vertiginoso&#8221; y ya est\u00e1 en condiciones de jugar.<\/p>\n<p>Adem\u00e1s, <strong>vuelven a la lista Juan Manuel Insaurralde<\/strong> (no jug\u00f3 ante Hurac\u00e1n por estar suspendido), <strong>Patricio Ostachuk y Carlos Benav\u00eddez<\/strong>.<\/p>\n<p>En cuanto a las bajas, se quedaron afuera tres jugadores entre lesiones y suspensi\u00f3n: <strong>Gonzalo As\u00eds<\/strong> (pubalgia), <strong>Lucas Romero<\/strong> (lleg\u00f3 a las tres amarillas) y el juvenil <strong>Santiago Hidalgo<\/strong> (se fractur\u00f3 la mano).<\/p>\n<h3><strong>Los 24 concentrados<\/strong><\/h3>\n<p><strong>Arqueros:<\/strong> Sebasti\u00e1n Sosa, Renzo Bacchia y Milton \u00c1lvarez.<\/p>\n<p><strong>Defensores:<\/strong> Joaqu\u00edn Laso, Thomas Ortega, Lucas Rodr\u00edguez, Alex Vigo, Sergio Barreto, Patricio Ostachuk, Ayrton Costa y Juan Manuel Insaurralde.<\/p>\n<p><strong>Mediocampistas:<\/strong> Andr\u00e9s Roa, Alan So\u00f1ora, Gast\u00f3n Togni, Lucas Gonz\u00e1lez, Ger\u00f3nimo Poblete, Carlos Benav\u00eddez, Domingo Blanco, Tom\u00e1s Pozzo y Juan Cazares.<\/p>\n<p><strong>Delanteros:<\/strong> Dami\u00e1n Batallini, Leandro Fern\u00e1ndez, Leandro Benegas y Juli\u00e1n Romero.<\/p>\n","protected":false},"excerpt":{"rendered":"<p>Eduardo Dom\u00ednguez entreg\u00f3 la lista de concentrados de Independiente para recibir a Deportivo La Guaira, por la fecha 5 de la Copa Sudamericana 2022. El entrenador cit\u00f3 a 24 jugadores. Se destaca la vuelta de Leandro Benegas, quien se perdi\u00f3 algunos partidos por el curioso &#8220;s\u00edndrome vertiginoso&#8221; y ya est\u00e1 en condiciones de jugar. Adem\u00e1s, [&hellip;]<\/p>\n","protected":false},"author":8,"featured_media":105458,"comment_status":"open","ping_status":"closed","sticky":false,"template":"","format":"standard","meta":{"_links_to":"","_links_to_target":""},"categories":[3247,3],"tags":[3641,2024,4872,5128],"_links":{"self":[{"href":"https:\/\/www.locoxelrojo.com\/independiente\/wp-json\/wp\/v2\/posts\/105535"}],"collection":[{"href":"https:\/\/www.locoxelrojo.com\/independiente\/wp-json\/wp\/v2\/posts"}],"about":[{"href":"https:\/\/www.locoxelrojo.com\/independiente\/wp-json\/wp\/v2\/types\/post"}],"author":[{"embeddable":true,"href":"https:\/\/www.locoxelrojo.com\/independiente\/wp-json\/wp\/v2\/users\/8"}],"replies":[{"embeddable":true,"href":"https:\/\/www.locoxelrojo.com\/independiente\/wp-json\/wp\/v2\/comments?post=105535"}],"version-history":[{"count":4,"href":"https:\/\/www.locoxelrojo.com\/independiente\/wp-json\/wp\/v2\/posts\/105535\/revisions"}],"predecessor-version":[{"id":105539,"href":"https:\/\/www.locoxelrojo.com\/independiente\/wp-json\/wp\/v2\/posts\/105535\/revisions\/105539"}],"wp:featuredmedia":[{"embeddable":true,"href":"https:\/\/www.locoxelrojo.com\/independiente\/wp-json\/wp\/v2\/media\/105458"}],"wp:attachment":[{"href":"https:\/\/www.locoxelrojo.com\/independiente\/wp-json\/wp\/v2\/media?parent=105535"}],"wp:term":[{"taxonomy":"category","embeddable":true,"href":"https:\/\/www.locoxelrojo.com\/independiente\/wp-json\/wp\/v2\/categories?post=105535"},{"taxonomy":"post_tag","embeddable":true,"href":"https:\/\/www.locoxelrojo.com\/independiente\/wp-json\/wp\/v2\/tags?post=105535"}],"curies":[{"name":"wp","href":"https:\/\/api.w.org\/{rel}","templated":true}]}}