{"id":105656,"date":"2022-05-23T18:27:02","date_gmt":"2022-05-23T21:27:02","guid":{"rendered":"https:\/\/www.locoxelrojo.com\/independiente\/?p=105656"},"modified":"2022-05-23T23:02:54","modified_gmt":"2022-05-24T02:02:54","slug":"empezo-el-mercado-de-pases","status":"publish","type":"post","link":"https:\/\/www.locoxelrojo.com\/independiente\/2022\/05\/23\/empezo-el-mercado-de-pases\/","title":{"rendered":"Empez\u00f3 el mercado de pases"},"content":{"rendered":"<p><strong>Este lunes comenz\u00f3 oficialmente el mercado de pases para el pr\u00f3ximo semestre. Mientras se juega la clasificaci\u00f3n en la Copa Sudamericana, Independiente piensa en el armado del plantel.<\/strong><\/p>\n<p>El mercado abri\u00f3 hoy 23 de mayo y <strong>se extender\u00e1 hasta el jueves 7 de julio a las 20 horas<\/strong>. Ser\u00e1n 45 d\u00edas de lo que ya conocemos: sondeos, llamados, acercamientos, ofertas y varias especulaciones, incluso con el pr\u00f3ximo torneo local empezado.<\/p>\n<p>Para el Rojo ser\u00e1 un mercado vital, dado que cuenta con un plantel lleno de juveniles y cada vez m\u00e1s diezmado, que seguramente se desarmar\u00e1 m\u00e1s en este mercado. <strong>Necesita reforzarse s\u00ed o s\u00ed para ser competitivo<\/strong>.<\/p>\n<p>Por lo pronto, la mente est\u00e1 puesta en el partido de este mi\u00e9rcoles con Cear\u00e1, que definir\u00e1 el futuro del Rey de Copas en el segundo semestre.<strong> Los nombres que puedan llegar depender\u00e1n mucho de la clasificaci\u00f3n o no a octavos de final<\/strong> de la Sudamericana.<\/p>\n<p>Despu\u00e9s del encuentro del mi\u00e9rcoles habr\u00e1 una reuni\u00f3n entre Eduardo Dom\u00ednguez, el asesor deportivo Daniel Montenegro y los dirigentes para ver d\u00f3nde est\u00e1 parado el equipo y cu\u00e1l es el rumbo a seguir. <strong>El DT espera que le sean sinceros sobre el presupuesto que va a tener Independiente para este mercado<\/strong> y si hay o no capital como para poder reforzar al equipo.<\/p>\n<p>Por el momento <a href=\"https:\/\/www.locoxelrojo.com\/independiente\/2022\/05\/16\/el-dt-hablo-de-refuerzos-y-respondio-sobre-tres-nombres\/\">sonaron algunos nombres<\/a>, aunque todav\u00eda no hay ninguna oferta formal. En la b\u00fasqueda de refuerzos,<strong> mucho tendr\u00e1 que ver lo que pase en las negociaciones para renovar los contratos de Domingo Blanco, Carlos Benav\u00eddez y Andr\u00e9s Roa<\/strong>: estos dos \u00faltimos est\u00e1n con un pie afuera del club y es casi un hecho que habr\u00e1 que buscarles reemplazantes.<\/p>\n","protected":false},"excerpt":{"rendered":"<p>Este lunes comenz\u00f3 oficialmente el mercado de pases para el pr\u00f3ximo semestre. Mientras se juega la clasificaci\u00f3n en la Copa Sudamericana, Independiente piensa en el armado del plantel. El mercado abri\u00f3 hoy 23 de mayo y se extender\u00e1 hasta el jueves 7 de julio a las 20 horas. Ser\u00e1n 45 d\u00edas de lo que ya [&hellip;]<\/p>\n","protected":false},"author":8,"featured_media":102493,"comment_status":"open","ping_status":"closed","sticky":false,"template":"","format":"standard","meta":{"_links_to":"","_links_to_target":""},"categories":[3280,3247],"tags":[153,1665],"_links":{"self":[{"href":"https:\/\/www.locoxelrojo.com\/independiente\/wp-json\/wp\/v2\/posts\/105656"}],"collection":[{"href":"https:\/\/www.locoxelrojo.com\/independiente\/wp-json\/wp\/v2\/posts"}],"about":[{"href":"https:\/\/www.locoxelrojo.com\/independiente\/wp-json\/wp\/v2\/types\/post"}],"author":[{"embeddable":true,"href":"https:\/\/www.locoxelrojo.com\/independiente\/wp-json\/wp\/v2\/users\/8"}],"replies":[{"embeddable":true,"href":"https:\/\/www.locoxelrojo.com\/independiente\/wp-json\/wp\/v2\/comments?post=105656"}],"version-history":[{"count":4,"href":"https:\/\/www.locoxelrojo.com\/independiente\/wp-json\/wp\/v2\/posts\/105656\/revisions"}],"predecessor-version":[{"id":105660,"href":"https:\/\/www.locoxelrojo.com\/independiente\/wp-json\/wp\/v2\/posts\/105656\/revisions\/105660"}],"wp:featuredmedia":[{"embeddable":true,"href":"https:\/\/www.locoxelrojo.com\/independiente\/wp-json\/wp\/v2\/media\/102493"}],"wp:attachment":[{"href":"https:\/\/www.locoxelrojo.com\/independiente\/wp-json\/wp\/v2\/media?parent=105656"}],"wp:term":[{"taxonomy":"category","embeddable":true,"href":"https:\/\/www.locoxelrojo.com\/independiente\/wp-json\/wp\/v2\/categories?post=105656"},{"taxonomy":"post_tag","embeddable":true,"href":"https:\/\/www.locoxelrojo.com\/independiente\/wp-json\/wp\/v2\/tags?post=105656"}],"curies":[{"name":"wp","href":"https:\/\/api.w.org\/{rel}","templated":true}]}}