{"id":10572,"date":"2011-08-28T23:23:40","date_gmt":"2011-08-29T02:23:40","guid":{"rendered":"http:\/\/www.locoxelrojo.com.ar\/independiente\/?p=10572"},"modified":"2011-08-28T23:40:36","modified_gmt":"2011-08-29T02:40:36","slug":"dia-libre","status":"publish","type":"post","link":"https:\/\/www.locoxelrojo.com\/independiente\/2011\/08\/28\/dia-libre\/","title":{"rendered":"D\u00eda libre"},"content":{"rendered":"<p><a href=\"http:\/\/www.locoxelrojo.com.ar\/independiente\/wp-content\/uploads\/2011\/08\/Argentinos_Independiente3.jpg\"><img loading=\"lazy\" class=\"alignnone size-full wp-image-10583\" title=\"Argentinos_Independiente3\" src=\"http:\/\/www.locoxelrojo.com.ar\/independiente\/wp-content\/uploads\/2011\/08\/Argentinos_Independiente3.jpg\" alt=\"\" width=\"590\" height=\"315\" srcset=\"https:\/\/locoxelrojo.com\/independiente\/wp-content\/uploads\/2011\/08\/Argentinos_Independiente3.jpg 590w, https:\/\/locoxelrojo.com\/independiente\/wp-content\/uploads\/2011\/08\/Argentinos_Independiente3-300x160.jpg 300w\" sizes=\"(max-width: 590px) 100vw, 590px\" \/><\/a><\/p>\n<p>Independiente vuelve a los entrenamientos el martes por la ma\u00f1ana en Villa Dom\u00ednico. S\u00ed, parece increible pero despu\u00e9s del empate sin idea futbol\u00edstica el cuerpo t\u00e9cnico decidi\u00f3 que sus dirigidos tengan el lunes libre en la previa del partido frente a Boca Juniors -se jugar\u00e1 el pr\u00f3ximo domingo-.<\/p>\n<p>En las pr\u00f3ximas horas se sabr\u00e1 el grado de las lesiones de Hilario Navarro, Gabriel Milito y Hern\u00e1n Fredes. El arquero tuvo fuerte dolor en la espalda durante \u00a0todo el segundo tiempo y hasta pidi\u00f3 a un fot\u00f3grafo que le ponga aerosol fr\u00edo y analg\u00e9sico sobre la zona de la pubalgia.<\/p>\n<p>En cuanto a Hern\u00e1n Fredes, el diestro comenz\u00f3 a tomarse su tobillo derecho cuando se terminaba la primera parte. Luego, tras salir de la cancha fue masajeado en la zona por Gabriel de Brasi. En cuanto a Milito, habr\u00eda salido por una sobrecarga muscular producto de la seguidilla de partidos -no se perdi\u00f3 ninguno desde que comenz\u00f3 el semestre-. En las pr\u00f3ximas horas, luego de los estudios, se conocer\u00e1 el grado de las lesiones.<\/p>\n","protected":false},"excerpt":{"rendered":"<p>Independiente vuelve a los entrenamientos el martes por la ma\u00f1ana en Villa Dom\u00ednico. S\u00ed, parece increible pero despu\u00e9s del empate sin idea futbol\u00edstica el cuerpo t\u00e9cnico decidi\u00f3 que sus dirigidos tengan el lunes libre en la previa del partido frente a Boca Juniors -se jugar\u00e1 el pr\u00f3ximo domingo-. En las pr\u00f3ximas horas se sabr\u00e1 el [&hellip;]<\/p>\n","protected":false},"author":1,"featured_media":0,"comment_status":"open","ping_status":"open","sticky":false,"template":"","format":"standard","meta":{"_links_to":"","_links_to_target":""},"categories":[3,1],"tags":[153,974],"_links":{"self":[{"href":"https:\/\/www.locoxelrojo.com\/independiente\/wp-json\/wp\/v2\/posts\/10572"}],"collection":[{"href":"https:\/\/www.locoxelrojo.com\/independiente\/wp-json\/wp\/v2\/posts"}],"about":[{"href":"https:\/\/www.locoxelrojo.com\/independiente\/wp-json\/wp\/v2\/types\/post"}],"author":[{"embeddable":true,"href":"https:\/\/www.locoxelrojo.com\/independiente\/wp-json\/wp\/v2\/users\/1"}],"replies":[{"embeddable":true,"href":"https:\/\/www.locoxelrojo.com\/independiente\/wp-json\/wp\/v2\/comments?post=10572"}],"version-history":[{"count":0,"href":"https:\/\/www.locoxelrojo.com\/independiente\/wp-json\/wp\/v2\/posts\/10572\/revisions"}],"wp:attachment":[{"href":"https:\/\/www.locoxelrojo.com\/independiente\/wp-json\/wp\/v2\/media?parent=10572"}],"wp:term":[{"taxonomy":"category","embeddable":true,"href":"https:\/\/www.locoxelrojo.com\/independiente\/wp-json\/wp\/v2\/categories?post=10572"},{"taxonomy":"post_tag","embeddable":true,"href":"https:\/\/www.locoxelrojo.com\/independiente\/wp-json\/wp\/v2\/tags?post=10572"}],"curies":[{"name":"wp","href":"https:\/\/api.w.org\/{rel}","templated":true}]}}