{"id":105736,"date":"2022-05-26T18:00:50","date_gmt":"2022-05-26T21:00:50","guid":{"rendered":"https:\/\/www.locoxelrojo.com\/independiente\/?p=105736"},"modified":"2022-05-27T00:10:04","modified_gmt":"2022-05-27T03:10:04","slug":"hasta-el-lunes","status":"publish","type":"post","link":"https:\/\/www.locoxelrojo.com\/independiente\/2022\/05\/26\/hasta-el-lunes\/","title":{"rendered":"Hasta el lunes"},"content":{"rendered":"<p><strong>Eduardo Dom\u00ednguez licenci\u00f3 al plantel hasta el lunes 30 de mayo.<\/strong><\/p>\n<p>Luego de <a href=\"https:\/\/www.locoxelrojo.com\/independiente\/2022\/05\/25\/independiente-vergonzosa-eliminacion-ceara\/\">la dura derrota contra el Cear\u00e1<\/a> los jugadores tendr\u00e1n unos d\u00edas de descanso. Ya eliminado de la Copa Sudamericana, el objetivo principal del semestre, <strong>ahora deber\u00e1 enfocarse en lo que resta de la Copa Argentina y en la Liga Profesional,<\/strong> que <a href=\"https:\/\/www.locoxelrojo.com\/independiente\/2022\/05\/26\/independiente-conoce-el-fixture-para-la-liga-profesional\/\">ya tiene fixture<\/a> y <a href=\"https:\/\/www.locoxelrojo.com\/independiente\/2022\/05\/26\/dia-hora-y-rival-confirmado-para-el-debut\/\">d\u00eda y horario para el debut<\/a>: <strong>iniciar\u00e1 el 4 de junio contra San Lorenzo en el Nuevo Gas\u00f3metro.<\/strong><\/p>\n<p>Ahora, <strong>es turno el turno de que los dirigentes trabajen para solucionar los problemas pol\u00edticos del club<\/strong>. Tambi\u00e9n de <strong>Dom\u00ednguez y Daniel Montenegro, que deber\u00e1n rearmar el plantel<\/strong> y acomodar el rumbo para terminar el a\u00f1o de la mejor manera con el t\u00edtulo, o por lo menos, el acceso a las copas internacionales en el 2023.<\/p>\n","protected":false},"excerpt":{"rendered":"<p>Eduardo Dom\u00ednguez licenci\u00f3 al plantel hasta el lunes 30 de mayo. Luego de la dura derrota contra el Cear\u00e1 los jugadores tendr\u00e1n unos d\u00edas de descanso. Ya eliminado de la Copa Sudamericana, el objetivo principal del semestre, ahora deber\u00e1 enfocarse en lo que resta de la Copa Argentina y en la Liga Profesional, que ya [&hellip;]<\/p>\n","protected":false},"author":101030,"featured_media":105738,"comment_status":"open","ping_status":"closed","sticky":false,"template":"","format":"standard","meta":{"_links_to":"","_links_to_target":""},"categories":[3247,3],"tags":[153,2207],"_links":{"self":[{"href":"https:\/\/www.locoxelrojo.com\/independiente\/wp-json\/wp\/v2\/posts\/105736"}],"collection":[{"href":"https:\/\/www.locoxelrojo.com\/independiente\/wp-json\/wp\/v2\/posts"}],"about":[{"href":"https:\/\/www.locoxelrojo.com\/independiente\/wp-json\/wp\/v2\/types\/post"}],"author":[{"embeddable":true,"href":"https:\/\/www.locoxelrojo.com\/independiente\/wp-json\/wp\/v2\/users\/101030"}],"replies":[{"embeddable":true,"href":"https:\/\/www.locoxelrojo.com\/independiente\/wp-json\/wp\/v2\/comments?post=105736"}],"version-history":[{"count":1,"href":"https:\/\/www.locoxelrojo.com\/independiente\/wp-json\/wp\/v2\/posts\/105736\/revisions"}],"predecessor-version":[{"id":105739,"href":"https:\/\/www.locoxelrojo.com\/independiente\/wp-json\/wp\/v2\/posts\/105736\/revisions\/105739"}],"wp:featuredmedia":[{"embeddable":true,"href":"https:\/\/www.locoxelrojo.com\/independiente\/wp-json\/wp\/v2\/media\/105738"}],"wp:attachment":[{"href":"https:\/\/www.locoxelrojo.com\/independiente\/wp-json\/wp\/v2\/media?parent=105736"}],"wp:term":[{"taxonomy":"category","embeddable":true,"href":"https:\/\/www.locoxelrojo.com\/independiente\/wp-json\/wp\/v2\/categories?post=105736"},{"taxonomy":"post_tag","embeddable":true,"href":"https:\/\/www.locoxelrojo.com\/independiente\/wp-json\/wp\/v2\/tags?post=105736"}],"curies":[{"name":"wp","href":"https:\/\/api.w.org\/{rel}","templated":true}]}}