{"id":105737,"date":"2022-05-31T14:01:57","date_gmt":"2022-05-31T17:01:57","guid":{"rendered":"https:\/\/www.locoxelrojo.com\/independiente\/?p=105737"},"modified":"2022-05-31T14:01:57","modified_gmt":"2022-05-31T17:01:57","slug":"asi-fue-el-mercado-de-montenegro-y-dominguez","status":"publish","type":"post","link":"https:\/\/www.locoxelrojo.com\/independiente\/2022\/05\/31\/asi-fue-el-mercado-de-montenegro-y-dominguez\/","title":{"rendered":"As\u00ed fue el mercado de Montenegro y Dom\u00ednguez"},"content":{"rendered":"<p><a href=\"https:\/\/www.locoxelrojo.com\/independiente\/2022\/05\/25\/independiente-vergonzosa-eliminacion-ceara\/\">El mal presente de Independiente<\/a> involucra a varios personajes y <strong>Daniel Montenegro<\/strong>, Asesor Deportivo del club, es uno de ellos. <strong>Los refuerzos que eligieron junto a Eduardo Dom\u00ednguez no estuvieron a la altura durante el primer semestre.<\/strong><\/p>\n<ul>\n<li><strong>Alex Vigo<\/strong>: El lateral derecho, a pr\u00e9stamo desde River hasta diciembre de 2022, nunca rindi\u00f3, no demostr\u00f3 lo que se apostaba por \u00e9l y es titular por la falta de competitividad en el puesto. <strong>Dom\u00ednguez ten\u00eda gran debilidad por \u00e9l y le fall\u00f3<\/strong>. Jug\u00f3 1<strong>2 partidos, dio 1 asistencia y fue amonestado 3 veces<\/strong>.<\/li>\n<\/ul>\n<ul>\n<li><strong>Dami\u00e1n Batallin<\/strong>i: Tambi\u00e9n a pr\u00e9stamo hasta diciembre, <strong>lleg\u00f3 para cubrir la sensible baja de Alan Velasco y ni por asomo lo hizo<\/strong>. En sus primeros partidos se le vio con actitud, activo y con ganas de correr permanentemente. Pero no pas\u00f3 de eso. Le cost\u00f3 tener ritmo y, sumado a varias lesiones en el camino, nunca se afianz\u00f3. <strong>Para colmo, todav\u00eda no se amig\u00f3 con el gol en 14 encuentros disputados<\/strong>.<\/li>\n<\/ul>\n<ul>\n<li><strong>Ger\u00f3nimo Poblete<\/strong>: Lleg\u00f3 a pr\u00e9stamo por el conflicto b\u00e9lico entre Ucrania-Rusia en una posici\u00f3n que estaba cubierta por varios futbolistas. <strong>Jug\u00f3 relativamente poco, se perdi\u00f3 varios compromisos por lesi\u00f3n y al no realizar pretemporada tuvo un estado f\u00edsico deplorable<\/strong>. <strong>Apenas un pu\u00f1ado de minutos fraccionado en varios partidos.<\/strong> Se debe resolver que pasar\u00e1 con \u00e9l a partir del 30 de junio.<\/li>\n<\/ul>\n<ul>\n<li><strong>Juan Cazares<\/strong>: Al igual que Poblete, lleg\u00f3 a pr\u00e9stamo desde Ucrania. Si bien <strong>Juanito es un jugador de categor\u00eda<\/strong> y con buenos antecedentes otros clubes, <strong>su estado f\u00edsico le jug\u00f3 en contra<\/strong>. <strong>Marc\u00f3 1 gol en el triunfo ante Hurac\u00e1n y no mucho m\u00e1s<\/strong>. Se debe resolver que pasar\u00e1 con \u00e9l a partir del 30 de junio.<\/li>\n<\/ul>\n<ul>\n<li><strong>Leandro Fern\u00e1ndez<\/strong>: En sus primeros partidos su rendimiento fue p\u00e9simo. Se lo not\u00f3 lento y muy err\u00e1tico. Pero, con el correr de las semanas, fue recuperando confianza y protagonismo. <strong>De menor a mayor: 3 goles y 3 asistencias en 15 juegos<\/strong>.<\/li>\n<\/ul>\n<ul>\n<li><strong>Leandro Benegas<\/strong>: Mirado de reojo por la edad, de d\u00f3nde ven\u00eda y por el pobre curriculum que ten\u00eda. A Benegas poco le import\u00f3 las cr\u00edticas y lo que se dec\u00eda de \u00e9l. R\u00e1pidamente <strong>empez\u00f3 a pagar con goles<\/strong>. En total <strong>6 tantos y 2 asistencias en 11 partidos<\/strong> para el mendocino.<\/li>\n<\/ul>\n<p><a href=\"https:\/\/www.locoxelrojo.com\/independiente\/2022\/05\/23\/empezo-el-mercado-de-pases\/\">Con el mercado de pases iniciado,<\/a>\u00a0<b>Montenegro deber\u00e1 moverse r\u00e1pido -y bien- para buscar refuerzos y jerarquizarle el plantel a Dom\u00ednguez.\u00a0<\/b>El DT <a href=\"https:\/\/www.locoxelrojo.com\/independiente\/2022\/05\/30\/vuelta-con-una-baja-y-varias-novedades\/\">ya tom\u00f3 decisiones importantes<\/a> y su mensaje es claro:<strong> necesita refuerzos<\/strong>.<\/p>\n<p>Los primero nombres comenzaron a salir a la luz, <strong>pero hasta el momento no pasan de primeras charlas.<\/strong><\/p>\n","protected":false},"excerpt":{"rendered":"<p>El mal presente de Independiente involucra a varios personajes y Daniel Montenegro, Asesor Deportivo del club, es uno de ellos. Los refuerzos que eligieron junto a Eduardo Dom\u00ednguez no estuvieron a la altura durante el primer semestre. Alex Vigo: El lateral derecho, a pr\u00e9stamo desde River hasta diciembre de 2022, nunca rindi\u00f3, no demostr\u00f3 lo [&hellip;]<\/p>\n","protected":false},"author":101027,"featured_media":105744,"comment_status":"open","ping_status":"closed","sticky":false,"template":"","format":"standard","meta":{"_links_to":"","_links_to_target":""},"categories":[3280,3247],"tags":[5121,153,4294,1859,2207,4789,5141,5128,2921],"_links":{"self":[{"href":"https:\/\/www.locoxelrojo.com\/independiente\/wp-json\/wp\/v2\/posts\/105737"}],"collection":[{"href":"https:\/\/www.locoxelrojo.com\/independiente\/wp-json\/wp\/v2\/posts"}],"about":[{"href":"https:\/\/www.locoxelrojo.com\/independiente\/wp-json\/wp\/v2\/types\/post"}],"author":[{"embeddable":true,"href":"https:\/\/www.locoxelrojo.com\/independiente\/wp-json\/wp\/v2\/users\/101027"}],"replies":[{"embeddable":true,"href":"https:\/\/www.locoxelrojo.com\/independiente\/wp-json\/wp\/v2\/comments?post=105737"}],"version-history":[{"count":4,"href":"https:\/\/www.locoxelrojo.com\/independiente\/wp-json\/wp\/v2\/posts\/105737\/revisions"}],"predecessor-version":[{"id":105829,"href":"https:\/\/www.locoxelrojo.com\/independiente\/wp-json\/wp\/v2\/posts\/105737\/revisions\/105829"}],"wp:featuredmedia":[{"embeddable":true,"href":"https:\/\/www.locoxelrojo.com\/independiente\/wp-json\/wp\/v2\/media\/105744"}],"wp:attachment":[{"href":"https:\/\/www.locoxelrojo.com\/independiente\/wp-json\/wp\/v2\/media?parent=105737"}],"wp:term":[{"taxonomy":"category","embeddable":true,"href":"https:\/\/www.locoxelrojo.com\/independiente\/wp-json\/wp\/v2\/categories?post=105737"},{"taxonomy":"post_tag","embeddable":true,"href":"https:\/\/www.locoxelrojo.com\/independiente\/wp-json\/wp\/v2\/tags?post=105737"}],"curies":[{"name":"wp","href":"https:\/\/api.w.org\/{rel}","templated":true}]}}