{"id":105746,"date":"2022-05-27T18:48:40","date_gmt":"2022-05-27T21:48:40","guid":{"rendered":"https:\/\/www.locoxelrojo.com\/independiente\/?p=105746"},"modified":"2022-05-27T18:48:40","modified_gmt":"2022-05-27T21:48:40","slug":"sin-acuerdo-para-la-unidad-y-ahora","status":"publish","type":"post","link":"https:\/\/www.locoxelrojo.com\/independiente\/2022\/05\/27\/sin-acuerdo-para-la-unidad-y-ahora\/","title":{"rendered":"Sin acuerdo para la Unidad, \u00bfy ahora?"},"content":{"rendered":"<p><strong>Hubo una nueva reuni\u00f3n entre integrantes del oficialismo y la oposici\u00f3n en b\u00fasqueda de la unidad.<\/strong> Sin embargo, no termin\u00f3 del todo bien.<\/p>\n<p>La cita fue en la casa de Baldomero \u00c1lvarez, pero por las <strong>condiciones que puso sobre la mesa el oficialismo no se lleg\u00f3 a buen puerto<\/strong>. Los presentes integran las tres listas que se iban a presentar a elecciones: <strong>Agrupaci\u00f3n Independiente, Agrupaci\u00f3n Independiente Tradicional y Gente de Independiente<\/strong>. Estuvieron <strong>\u00c1lvarez, Manuela S\u00e1nchez, H\u00e9ctor Maldonado y Javier Doval<\/strong> por el oficialismo, mientras que <strong>Fabi\u00e1n Doman, Claudio Rudecindo y Andr\u00e9s Ducatenzeiler<\/strong> fueron las caras visibles de la oposici\u00f3n.<\/p>\n<p>En la oposici\u00f3n no cayeron bien las exigencias en el armado de la lista. <strong>Hay cargos con poder de firma (presidente, secretario general y tesorero) que los que actualmente manejan el club no quieren ceder<\/strong>. Adem\u00e1s, <strong>se pidi\u00f3 sostenerle el puesto a Maldonado<\/strong>, acci\u00f3n que no gust\u00f3 para nada, a tal punto uno de los presentes se retir\u00f3 inmediatamente del lugar.<\/p>\n<p><strong>No se lleg\u00f3 a un acuerdo y, en todas las charlas, la posible unidad no parece ser una opci\u00f3n viable por estas horas.<\/strong> La incertidumbre pol\u00edtica del club contin\u00faa.<\/p>\n","protected":false},"excerpt":{"rendered":"<p>Hubo una nueva reuni\u00f3n entre integrantes del oficialismo y la oposici\u00f3n en b\u00fasqueda de la unidad. Sin embargo, no termin\u00f3 del todo bien. La cita fue en la casa de Baldomero \u00c1lvarez, pero por las condiciones que puso sobre la mesa el oficialismo no se lleg\u00f3 a buen puerto. Los presentes integran las tres listas [&hellip;]<\/p>\n","protected":false},"author":101027,"featured_media":105756,"comment_status":"open","ping_status":"closed","sticky":false,"template":"","format":"standard","meta":{"_links_to":"","_links_to_target":""},"categories":[3280,3247],"tags":[1024,153,5057,5067,2636,140],"_links":{"self":[{"href":"https:\/\/www.locoxelrojo.com\/independiente\/wp-json\/wp\/v2\/posts\/105746"}],"collection":[{"href":"https:\/\/www.locoxelrojo.com\/independiente\/wp-json\/wp\/v2\/posts"}],"about":[{"href":"https:\/\/www.locoxelrojo.com\/independiente\/wp-json\/wp\/v2\/types\/post"}],"author":[{"embeddable":true,"href":"https:\/\/www.locoxelrojo.com\/independiente\/wp-json\/wp\/v2\/users\/101027"}],"replies":[{"embeddable":true,"href":"https:\/\/www.locoxelrojo.com\/independiente\/wp-json\/wp\/v2\/comments?post=105746"}],"version-history":[{"count":6,"href":"https:\/\/www.locoxelrojo.com\/independiente\/wp-json\/wp\/v2\/posts\/105746\/revisions"}],"predecessor-version":[{"id":105757,"href":"https:\/\/www.locoxelrojo.com\/independiente\/wp-json\/wp\/v2\/posts\/105746\/revisions\/105757"}],"wp:featuredmedia":[{"embeddable":true,"href":"https:\/\/www.locoxelrojo.com\/independiente\/wp-json\/wp\/v2\/media\/105756"}],"wp:attachment":[{"href":"https:\/\/www.locoxelrojo.com\/independiente\/wp-json\/wp\/v2\/media?parent=105746"}],"wp:term":[{"taxonomy":"category","embeddable":true,"href":"https:\/\/www.locoxelrojo.com\/independiente\/wp-json\/wp\/v2\/categories?post=105746"},{"taxonomy":"post_tag","embeddable":true,"href":"https:\/\/www.locoxelrojo.com\/independiente\/wp-json\/wp\/v2\/tags?post=105746"}],"curies":[{"name":"wp","href":"https:\/\/api.w.org\/{rel}","templated":true}]}}