{"id":105782,"date":"2022-05-29T21:40:43","date_gmt":"2022-05-30T00:40:43","guid":{"rendered":"https:\/\/www.locoxelrojo.com\/independiente\/?p=105782"},"modified":"2022-05-30T03:01:51","modified_gmt":"2022-05-30T06:01:51","slug":"cacho-alvarez-no-descarto-la-lista-de-unidad-doman-y-rudecindo-tienen-que-estar","status":"publish","type":"post","link":"https:\/\/www.locoxelrojo.com\/independiente\/2022\/05\/29\/cacho-alvarez-no-descarto-la-lista-de-unidad-doman-y-rudecindo-tienen-que-estar\/","title":{"rendered":"Cacho \u00c1lvarez: &#8220;No descarto la lista de unidad, Doman y Rudecindo tienen que estar&#8221;"},"content":{"rendered":"<p><strong>Baldomero \u00c1lvarez de Olivera<\/strong>, integrante de la Agrupaci\u00f3n Independiente, dio detalles de la reuni\u00f3n entre el oficialismo y la oposici\u00f3n. A pesar del fuego cruzado de las \u00faltimas horas, se mostr\u00f3 optimista en lograr una lista de unidad.<\/p>\n<p><strong>&#8220;La reuni\u00f3n ten\u00eda que ver con tratar de armar un espacio de unidad en donde todos pensemos en Independiente y empujarlo para que salga de esta situaci\u00f3n compleja en la que se encuentra. Yo soy optimista, creo que tanto Fabi\u00e1n como Claudio se van a sumar, vamos a conseguir una lista de unidad y vamos a poder tirar todos del carro&#8221;<\/strong>, expres\u00f3 en charla con Rojos de Pasi\u00f3n.<\/p>\n<p>Luego, sostuvo:<strong> &#8220;No descarto la posibilidad de armar una lista de unidad. Esta crisis no la podemos sacar solos, sino en conjunto.<\/strong> <strong>Nadie es Mandraque. No creo que Moyano solo pueda construir nada positivo para el futuro, es con la unidad de todos&#8221;<\/strong>.<\/p>\n<p>Seg\u00fan trascendi\u00f3, la oposici\u00f3n no quiere saber nada con armar un espacio con H\u00e9ctor Maldonado, actual secretario general del club. Ante esta situaci\u00f3n, \u00c1lvarez retruc\u00f3: <strong>&#8220;No creo que una persona sea el centro de todo el accionar de los 6 millones de simpatizantes de Independiente. Yoyo hoy es importante para el club, pero m\u00e1s importante es el club. No creo que sea un motivo por el cual no podamos estar juntos. Habl\u00e9 con los dos sectores, busco la unidad, no quiero que peque\u00f1as cosas nos separen&#8221;<\/strong>.<\/p>\n<p>El exintendente de Avellaneda remarc\u00f3 que <strong>&#8220;Doman y Rudecindo tienen que estar en lo que se construya&#8221;<\/strong> y que<strong> &#8220;no es tiempo de excluir a nadie, sino de poner todos el hombro&#8221;<\/strong>. En sinton\u00eda, consider\u00f3 que la unidad entre todos los espacios sacar\u00e1 al club adelante en el corto plazo: <strong>&#8220;Ni bien nos pongamos de acuerdo vamos a tener buenos sponsors, vamos a poder discutir situaciones en la AFA y los hinchas van a estar contentos porque el equipo va a ganar. El equipo tambi\u00e9n refleja la situaci\u00f3n de la instituci\u00f3n. Si nos ponemos de acuerdo, en seis meses Independiente vuelve a ser un equipo competitivo&#8221;<\/strong>.<\/p>\n<p>Por otro lado, \u00c1lvarez consider\u00f3 que<strong> &#8220;Moyano fue un factor sumamente importante en Independiente&#8221; <\/strong>y aclar\u00f3 que el presidente tambi\u00e9n busca la unidad:<strong> &#8220;Conozco a Hugo, soy amigo de \u00e9l y s\u00e9 que es un hombre razonable que va a apostar a la unidad para salir adelante. Cuando nos separamos gan\u00f3 Cantero y nos llev\u00f3 al descenso. No quiero repetir esa experiencia&#8221;<\/strong>.<\/p>\n<p>Finalmente, Cacho \u00c1lvarez lanz\u00f3 una pol\u00e9mica frase sobre los insultos de los hinchas de Independiente a la gesti\u00f3n de Hugo Moyano por el p\u00e9simo presente institucional y deportivo: <strong>&#8220;Yo a veces veo algunas tribunas que es como si fuera hinchas de Racing. D\u00e9jense de joder con los gritos y las posiciones. Tenemos que empujar para que a Independiente le vaya bien&#8221;<\/strong>.<\/p>\n","protected":false},"excerpt":{"rendered":"<p>Baldomero \u00c1lvarez de Olivera, integrante de la Agrupaci\u00f3n Independiente, dio detalles de la reuni\u00f3n entre el oficialismo y la oposici\u00f3n. A pesar del fuego cruzado de las \u00faltimas horas, se mostr\u00f3 optimista en lograr una lista de unidad. &#8220;La reuni\u00f3n ten\u00eda que ver con tratar de armar un espacio de unidad en donde todos pensemos [&hellip;]<\/p>\n","protected":false},"author":8,"featured_media":105787,"comment_status":"open","ping_status":"closed","sticky":false,"template":"","format":"standard","meta":{"_links_to":"","_links_to_target":""},"categories":[3280,3247],"tags":[2186,1116,1117,153],"_links":{"self":[{"href":"https:\/\/www.locoxelrojo.com\/independiente\/wp-json\/wp\/v2\/posts\/105782"}],"collection":[{"href":"https:\/\/www.locoxelrojo.com\/independiente\/wp-json\/wp\/v2\/posts"}],"about":[{"href":"https:\/\/www.locoxelrojo.com\/independiente\/wp-json\/wp\/v2\/types\/post"}],"author":[{"embeddable":true,"href":"https:\/\/www.locoxelrojo.com\/independiente\/wp-json\/wp\/v2\/users\/8"}],"replies":[{"embeddable":true,"href":"https:\/\/www.locoxelrojo.com\/independiente\/wp-json\/wp\/v2\/comments?post=105782"}],"version-history":[{"count":4,"href":"https:\/\/www.locoxelrojo.com\/independiente\/wp-json\/wp\/v2\/posts\/105782\/revisions"}],"predecessor-version":[{"id":105786,"href":"https:\/\/www.locoxelrojo.com\/independiente\/wp-json\/wp\/v2\/posts\/105782\/revisions\/105786"}],"wp:featuredmedia":[{"embeddable":true,"href":"https:\/\/www.locoxelrojo.com\/independiente\/wp-json\/wp\/v2\/media\/105787"}],"wp:attachment":[{"href":"https:\/\/www.locoxelrojo.com\/independiente\/wp-json\/wp\/v2\/media?parent=105782"}],"wp:term":[{"taxonomy":"category","embeddable":true,"href":"https:\/\/www.locoxelrojo.com\/independiente\/wp-json\/wp\/v2\/categories?post=105782"},{"taxonomy":"post_tag","embeddable":true,"href":"https:\/\/www.locoxelrojo.com\/independiente\/wp-json\/wp\/v2\/tags?post=105782"}],"curies":[{"name":"wp","href":"https:\/\/api.w.org\/{rel}","templated":true}]}}