{"id":105840,"date":"2022-05-31T15:20:57","date_gmt":"2022-05-31T18:20:57","guid":{"rendered":"https:\/\/www.locoxelrojo.com\/independiente\/?p=105840"},"modified":"2022-05-31T20:32:43","modified_gmt":"2022-05-31T23:32:43","slug":"arzamendia-el-lateral-de-seleccion-que-tiene-en-carpeta-independiente","status":"publish","type":"post","link":"https:\/\/www.locoxelrojo.com\/independiente\/2022\/05\/31\/arzamendia-el-lateral-de-seleccion-que-tiene-en-carpeta-independiente\/","title":{"rendered":"El lateral de selecci\u00f3n que tiene en carpeta Independiente"},"content":{"rendered":"<p>Cada vez falta menos para el <a href=\"https:\/\/www.locoxelrojo.com\/independiente\/2022\/05\/26\/dia-hora-y-rival-confirmado-para-el-debut\/\">debut ante <strong>San Lorenzo<\/strong><\/a> pero el mercado de pases se sigue moviendo. Esta vez, aparece un <strong>jugador de selecci\u00f3n en la \u00f3rbita de Independiente<\/strong>. Se trata de<strong> Santiago Arzamendia.<\/strong><\/p>\n<p><strong>Arzamendia es un<\/strong>\u00a0<strong>lateral izquierdo de 24 a\u00f1os que milita actualmente en el C\u00e1diz de Espa\u00f1a<\/strong>, equipo que se salv\u00f3 del descenso en la \u00faltima temporada.<\/p>\n<p><a href=\"https:\/\/www.locoxelrojo.com\/independiente\/2022\/05\/30\/los-puestos-a-reforzar-para-dominguez\/\"><strong>Eduardo Dom\u00ednguez<\/strong> le hizo saber a la dirigencia cu\u00e1les son las posiciones a reforzar<\/a> y el carril izquierdo es uno de ellos. Es por esto que se mostr\u00f3 inter\u00e9s <strong>por el argentino nacionalizado paraguayo, part\u00edcipe de la selecci\u00f3n en la Copa Am\u00e9rica 2021 y en las Eliminatorias.<\/strong><\/p>\n<p>En un principio, desde el lado del <strong>Rojo<\/strong>\u00a0<strong>ofrecer\u00edan un pr\u00e9stamo<\/strong>, pero la ecuaci\u00f3n no ser\u00eda f\u00e1cil dado el <strong>alto salario que percibe en Europa<\/strong>. En lo que va de la temporada, <strong>Arzamendia disput\u00f3 16 encuentros con el C\u00e1diz, 8 de ellos como titular y convirti\u00f3 1 gol en La Liga contra el Granada.<\/strong><\/p>\n<p><iframe loading=\"lazy\" title=\"YouTube video player\" src=\"https:\/\/www.youtube.com\/embed\/Blg6uIkuKZc\" width=\"560\" height=\"315\" frameborder=\"0\" allowfullscreen=\"allowfullscreen\"><\/iframe><\/p>\n<p><iframe loading=\"lazy\" title=\"YouTube video player\" src=\"https:\/\/www.youtube.com\/embed\/yWD-cN_yGbI\" width=\"560\" height=\"315\" frameborder=\"0\" allowfullscreen=\"allowfullscreen\"><\/iframe><\/p>\n<blockquote class=\"twitter-tweet\">\n<p dir=\"ltr\" lang=\"es\"><a href=\"https:\/\/twitter.com\/hashtag\/CopaAm%C3%A9rica?src=hash&amp;ref_src=twsrc%5Etfw\">#CopaAm\u00e9rica<\/a> &#x1f3c6;<\/p>\n<p>\u00a1Los habilidosos tambi\u00e9n sufren! Incre\u00edble ca\u00f1o de Santiago Arzamendia a \u00c1ngel Di Mar\u00eda &#x1f3a9;<\/p>\n<p>&#x1f1e6;&#x1f1f7; Argentina &#x1f19a; Paraguay &#x1f1f5;&#x1f1fe;<a href=\"https:\/\/twitter.com\/hashtag\/VibraElContinente?src=hash&amp;ref_src=twsrc%5Etfw\">#VibraElContinente<\/a> <a href=\"https:\/\/twitter.com\/hashtag\/VibraOContinente?src=hash&amp;ref_src=twsrc%5Etfw\">#VibraOContinente<\/a> <a href=\"https:\/\/t.co\/PFHVS2Ls5l\">pic.twitter.com\/PFHVS2Ls5l<\/a><\/p>\n<p>\u2014 Copa Am\u00e9rica (@CopaAmerica) <a href=\"https:\/\/twitter.com\/CopaAmerica\/status\/1407167932367507458?ref_src=twsrc%5Etfw\">June 22, 2021<\/a><\/p><\/blockquote>\n<p><script async src=\"https:\/\/platform.twitter.com\/widgets.js\" charset=\"utf-8\"><\/script><\/p>\n","protected":false},"excerpt":{"rendered":"<p>Cada vez falta menos para el debut ante San Lorenzo pero el mercado de pases se sigue moviendo. Esta vez, aparece un jugador de selecci\u00f3n en la \u00f3rbita de Independiente. Se trata de Santiago Arzamendia. Arzamendia es un\u00a0lateral izquierdo de 24 a\u00f1os que milita actualmente en el C\u00e1diz de Espa\u00f1a, equipo que se salv\u00f3 del [&hellip;]<\/p>\n","protected":false},"author":101027,"featured_media":105848,"comment_status":"open","ping_status":"closed","sticky":false,"template":"","format":"standard","meta":{"_links_to":"","_links_to_target":""},"categories":[3280,3247,1],"tags":[153,2207,1665,5197],"_links":{"self":[{"href":"https:\/\/www.locoxelrojo.com\/independiente\/wp-json\/wp\/v2\/posts\/105840"}],"collection":[{"href":"https:\/\/www.locoxelrojo.com\/independiente\/wp-json\/wp\/v2\/posts"}],"about":[{"href":"https:\/\/www.locoxelrojo.com\/independiente\/wp-json\/wp\/v2\/types\/post"}],"author":[{"embeddable":true,"href":"https:\/\/www.locoxelrojo.com\/independiente\/wp-json\/wp\/v2\/users\/101027"}],"replies":[{"embeddable":true,"href":"https:\/\/www.locoxelrojo.com\/independiente\/wp-json\/wp\/v2\/comments?post=105840"}],"version-history":[{"count":5,"href":"https:\/\/www.locoxelrojo.com\/independiente\/wp-json\/wp\/v2\/posts\/105840\/revisions"}],"predecessor-version":[{"id":105855,"href":"https:\/\/www.locoxelrojo.com\/independiente\/wp-json\/wp\/v2\/posts\/105840\/revisions\/105855"}],"wp:featuredmedia":[{"embeddable":true,"href":"https:\/\/www.locoxelrojo.com\/independiente\/wp-json\/wp\/v2\/media\/105848"}],"wp:attachment":[{"href":"https:\/\/www.locoxelrojo.com\/independiente\/wp-json\/wp\/v2\/media?parent=105840"}],"wp:term":[{"taxonomy":"category","embeddable":true,"href":"https:\/\/www.locoxelrojo.com\/independiente\/wp-json\/wp\/v2\/categories?post=105840"},{"taxonomy":"post_tag","embeddable":true,"href":"https:\/\/www.locoxelrojo.com\/independiente\/wp-json\/wp\/v2\/tags?post=105840"}],"curies":[{"name":"wp","href":"https:\/\/api.w.org\/{rel}","templated":true}]}}