{"id":105850,"date":"2022-05-31T15:30:20","date_gmt":"2022-05-31T18:30:20","guid":{"rendered":"https:\/\/www.locoxelrojo.com\/independiente\/?p=105850"},"modified":"2022-05-31T20:40:45","modified_gmt":"2022-05-31T23:40:45","slug":"emanuel-gularte-el-central-apuntado","status":"publish","type":"post","link":"https:\/\/www.locoxelrojo.com\/independiente\/2022\/05\/31\/emanuel-gularte-el-central-apuntado\/","title":{"rendered":"Emanuel Gularte, el central apuntado"},"content":{"rendered":"<p><a href=\"https:\/\/www.locoxelrojo.com\/independiente\/2022\/05\/30\/los-puestos-a-reforzar-para-dominguez\/\">La defensa central es una zona a reforzar para Eduardo Dom\u00ednguez<\/a> y el Asesor Deportivo de Independiente, <a href=\"https:\/\/www.locoxelrojo.com\/independiente\/2022\/05\/31\/montenegro-da-precisiones-sobre-los-refuerzos\/\">Daniel Montenegro<\/a>, <strong>acerc\u00f3 el nombre de Emanuel Gularte<\/strong>.<\/p>\n<p>Gularte es central uruguayo de 24 a\u00f1os, mide 1.89 mts y <strong>juega en el Puebla de M\u00e9xico<\/strong>. Durante el 2022 disput\u00f3 16 partidos, <strong>de los cuales fue titular en 15 ocasiones con el club azteca<\/strong>.<\/p>\n<p><a href=\"https:\/\/www.locoxelrojo.com\/independiente\/2022\/05\/31\/el-lateral-de-seleccion-que-tiene-en-carpeta-independiente\/\">Como ocurrir\u00e1 con <strong>Santiago Arzamendia <\/strong><\/a>(otro apuntado por el Rolfi), <strong>Independiente mandar\u00e1 un pr\u00e9stamo para poder contar con el defensor.<\/strong> Dirigentes del Rojo <strong>ya se<\/strong> <strong>contactaron con su representante<\/strong> la semana pasada.<\/p>\n<p><strong>El nombre de Gularte ya hab\u00eda sonado en el mercado de pases del 2020<\/strong>, pero su pase no lleg\u00f3 a buen puerto. \u00bfSe dar\u00e1 ahora?<\/p>\n","protected":false},"excerpt":{"rendered":"<p>La defensa central es una zona a reforzar para Eduardo Dom\u00ednguez y el Asesor Deportivo de Independiente, Daniel Montenegro, acerc\u00f3 el nombre de Emanuel Gularte. Gularte es central uruguayo de 24 a\u00f1os, mide 1.89 mts y juega en el Puebla de M\u00e9xico. Durante el 2022 disput\u00f3 16 partidos, de los cuales fue titular en 15 [&hellip;]<\/p>\n","protected":false},"author":101027,"featured_media":105858,"comment_status":"open","ping_status":"closed","sticky":false,"template":"","format":"standard","meta":{"_links_to":"","_links_to_target":""},"categories":[3280,3247],"tags":[153,1859,2207,4474,1665],"_links":{"self":[{"href":"https:\/\/www.locoxelrojo.com\/independiente\/wp-json\/wp\/v2\/posts\/105850"}],"collection":[{"href":"https:\/\/www.locoxelrojo.com\/independiente\/wp-json\/wp\/v2\/posts"}],"about":[{"href":"https:\/\/www.locoxelrojo.com\/independiente\/wp-json\/wp\/v2\/types\/post"}],"author":[{"embeddable":true,"href":"https:\/\/www.locoxelrojo.com\/independiente\/wp-json\/wp\/v2\/users\/101027"}],"replies":[{"embeddable":true,"href":"https:\/\/www.locoxelrojo.com\/independiente\/wp-json\/wp\/v2\/comments?post=105850"}],"version-history":[{"count":2,"href":"https:\/\/www.locoxelrojo.com\/independiente\/wp-json\/wp\/v2\/posts\/105850\/revisions"}],"predecessor-version":[{"id":105861,"href":"https:\/\/www.locoxelrojo.com\/independiente\/wp-json\/wp\/v2\/posts\/105850\/revisions\/105861"}],"wp:featuredmedia":[{"embeddable":true,"href":"https:\/\/www.locoxelrojo.com\/independiente\/wp-json\/wp\/v2\/media\/105858"}],"wp:attachment":[{"href":"https:\/\/www.locoxelrojo.com\/independiente\/wp-json\/wp\/v2\/media?parent=105850"}],"wp:term":[{"taxonomy":"category","embeddable":true,"href":"https:\/\/www.locoxelrojo.com\/independiente\/wp-json\/wp\/v2\/categories?post=105850"},{"taxonomy":"post_tag","embeddable":true,"href":"https:\/\/www.locoxelrojo.com\/independiente\/wp-json\/wp\/v2\/tags?post=105850"}],"curies":[{"name":"wp","href":"https:\/\/api.w.org\/{rel}","templated":true}]}}