{"id":105917,"date":"2022-06-02T22:35:01","date_gmt":"2022-06-03T01:35:01","guid":{"rendered":"https:\/\/www.locoxelrojo.com\/independiente\/?p=105917"},"modified":"2022-06-03T00:21:39","modified_gmt":"2022-06-03T03:21:39","slug":"bragarnik-le-respondio-a-dominguez","status":"publish","type":"post","link":"https:\/\/www.locoxelrojo.com\/independiente\/2022\/06\/02\/bragarnik-le-respondio-a-dominguez\/","title":{"rendered":"Bragarnik le respondi\u00f3 a Dom\u00ednguez"},"content":{"rendered":"<p><strong>Christian Bragarnik, representante de Iv\u00e1n Marcone, sali\u00f3 al cruce<a href=\"https:\/\/www.locoxelrojo.com\/independiente\/2022\/06\/02\/dominguez-apunto-contra-marcone\/\"> luego de las declaraciones de Eduardo Dom\u00ednguez.<\/a><\/strong><\/p>\n<p>En di\u00e1logo con Radio La Red, fue contundente:<strong> \u201cEl comentario de Eduardo Dom\u00ednguez fue muy desacertado. Se equivoc\u00f3. No conoce a Iv\u00e1n y no coincido en su apreciaci\u00f3n&#8221;.<\/strong> Adem\u00e1s, sentenci\u00f3: <strong>\u201cPara mi esta declaraci\u00f3n rompe con cualquier tipo de negociaci\u00f3n\u201d.<\/strong><\/p>\n<p>Luego, Bragarnik continu\u00f3: <strong>&#8220;No es f\u00e1cil que Marcone juegue gratis en Independiente, \u00e9l quiere jugar en el club, pero hay que ver las condiciones. A \u00e9l le encantar\u00eda jugar en Independiente, me dijo que ir\u00eda por la mitad de su contrato. Incluso pagar el contrato pausado\u201d.<\/strong><\/p>\n<p><strong>\u201cSi el Club no est\u00e1 para hacer ese gasto, est\u00e1 bien. Est\u00e1n jugando con la voluntad de un chico que quiere ir. Marcone es fan\u00e1tico de Independiente, ha dejado concentraciones. Cree que puede colaborar, pero no depende de \u00e9l\u201d<\/strong> aclar\u00f3 el empresario.<\/p>\n<p>Por \u00faltimo, cerr\u00f3 disparando contra la actual dirigencia: <strong>\u201cSi Independiente considera que no puede hacer el esfuerzo para cuidar la econom\u00eda me parece entendible. Debieron hacer lo mismo los \u00faltimos 5 a\u00f1os\u201d.<\/strong><\/p>\n","protected":false},"excerpt":{"rendered":"<p>Christian Bragarnik, representante de Iv\u00e1n Marcone, sali\u00f3 al cruce luego de las declaraciones de Eduardo Dom\u00ednguez. En di\u00e1logo con Radio La Red, fue contundente: \u201cEl comentario de Eduardo Dom\u00ednguez fue muy desacertado. Se equivoc\u00f3. No conoce a Iv\u00e1n y no coincido en su apreciaci\u00f3n&#8221;. Adem\u00e1s, sentenci\u00f3: \u201cPara mi esta declaraci\u00f3n rompe con cualquier tipo de [&hellip;]<\/p>\n","protected":false},"author":101029,"featured_media":87428,"comment_status":"open","ping_status":"closed","sticky":false,"template":"","format":"standard","meta":{"_links_to":"","_links_to_target":""},"categories":[3280,3247],"tags":[4511,153,2207,2729],"_links":{"self":[{"href":"https:\/\/www.locoxelrojo.com\/independiente\/wp-json\/wp\/v2\/posts\/105917"}],"collection":[{"href":"https:\/\/www.locoxelrojo.com\/independiente\/wp-json\/wp\/v2\/posts"}],"about":[{"href":"https:\/\/www.locoxelrojo.com\/independiente\/wp-json\/wp\/v2\/types\/post"}],"author":[{"embeddable":true,"href":"https:\/\/www.locoxelrojo.com\/independiente\/wp-json\/wp\/v2\/users\/101029"}],"replies":[{"embeddable":true,"href":"https:\/\/www.locoxelrojo.com\/independiente\/wp-json\/wp\/v2\/comments?post=105917"}],"version-history":[{"count":1,"href":"https:\/\/www.locoxelrojo.com\/independiente\/wp-json\/wp\/v2\/posts\/105917\/revisions"}],"predecessor-version":[{"id":105919,"href":"https:\/\/www.locoxelrojo.com\/independiente\/wp-json\/wp\/v2\/posts\/105917\/revisions\/105919"}],"wp:featuredmedia":[{"embeddable":true,"href":"https:\/\/www.locoxelrojo.com\/independiente\/wp-json\/wp\/v2\/media\/87428"}],"wp:attachment":[{"href":"https:\/\/www.locoxelrojo.com\/independiente\/wp-json\/wp\/v2\/media?parent=105917"}],"wp:term":[{"taxonomy":"category","embeddable":true,"href":"https:\/\/www.locoxelrojo.com\/independiente\/wp-json\/wp\/v2\/categories?post=105917"},{"taxonomy":"post_tag","embeddable":true,"href":"https:\/\/www.locoxelrojo.com\/independiente\/wp-json\/wp\/v2\/tags?post=105917"}],"curies":[{"name":"wp","href":"https:\/\/api.w.org\/{rel}","templated":true}]}}