{"id":105924,"date":"2022-06-03T16:20:08","date_gmt":"2022-06-03T19:20:08","guid":{"rendered":"https:\/\/www.locoxelrojo.com\/independiente\/?p=105924"},"modified":"2022-06-03T16:20:25","modified_gmt":"2022-06-03T19:20:25","slug":"el-equipo-para-visitar-a-san-lorenzo","status":"publish","type":"post","link":"https:\/\/www.locoxelrojo.com\/independiente\/2022\/06\/03\/el-equipo-para-visitar-a-san-lorenzo\/","title":{"rendered":"El equipo para visitar a San Lorenzo"},"content":{"rendered":"<p>En la pr\u00e1ctica de esta ma\u00f1ana <strong>Eduardo Dom\u00ednguez prob\u00f3 el equipo que perfilar\u00e1 desde el arranque para jugar <a href=\"https:\/\/www.locoxelrojo.com\/independiente\/2022\/05\/26\/dia-hora-y-rival-confirmado-para-el-debut\/\">en el debut ante San Lorenzo<\/a><\/strong>.<\/p>\n<p>Ma\u00f1ana comienza la Liga Profesional para el Rojo y todav\u00eda no cuenta con caras nuevas, pero s\u00ed con <a href=\"https:\/\/www.locoxelrojo.com\/independiente\/2022\/05\/30\/paso-la-escoba\/\">varios apartados<\/a> y <a href=\"https:\/\/www.locoxelrojo.com\/independiente\/2022\/06\/02\/saltita-afiebrado\/\">lesionados<\/a>. Es por esto que el <strong>DT ensay\u00f3 con lo mejor y \u00fanico que tiene a disposici\u00f3n<\/strong>.<\/p>\n<p>Hay varias novedades en el equipo.<strong> En el arco estar\u00e1 Milton \u00c1lvarez<\/strong> y reemplazar\u00e1 a Sebasti\u00e1n Sosa, <a href=\"https:\/\/www.locoxelrojo.com\/independiente\/2022\/05\/30\/sosa-a-la-celeste-dominguez-lo-pierde\/\">quien est\u00e1 vinculado con la selecci\u00f3n uruguaya<\/a>. Tal vez,<strong> la sorpresa transcurre en la mitad de la cancha con la inclusi\u00f3n entre los titulares de Ger\u00f3nimo Poblete<\/strong>, <a href=\"https:\/\/www.locoxelrojo.com\/independiente\/2022\/06\/01\/ya-se-va\/\">cuyo futbolista hizo eco durante la semana por una posible salida a Lan\u00fas<\/a>.<\/p>\n<p>De esta manera, el once probable ante el Cicl\u00f3n ser\u00e1: <strong>Milt\u00f3n \u00c1lvarez; Alex Vigo, Sergio Barreto, Juan Manuel Insaurralde, Lucas Rodr\u00edguez; Lucas Romero, Ger\u00f3nimo Poblete, Alan So\u00f1ora; Juan Cazares; Leandro Fern\u00e1ndez y Leandro Benegas<\/strong>.<\/p>\n","protected":false},"excerpt":{"rendered":"<p>En la pr\u00e1ctica de esta ma\u00f1ana Eduardo Dom\u00ednguez prob\u00f3 el equipo que perfilar\u00e1 desde el arranque para jugar en el debut ante San Lorenzo. Ma\u00f1ana comienza la Liga Profesional para el Rojo y todav\u00eda no cuenta con caras nuevas, pero s\u00ed con varios apartados y lesionados. Es por esto que el DT ensay\u00f3 con lo [&hellip;]<\/p>\n","protected":false},"author":101027,"featured_media":105928,"comment_status":"open","ping_status":"closed","sticky":false,"template":"","format":"standard","meta":{"_links_to":"","_links_to_target":""},"categories":[3247,3],"tags":[153,2207,4789,5193,3956,4645],"_links":{"self":[{"href":"https:\/\/www.locoxelrojo.com\/independiente\/wp-json\/wp\/v2\/posts\/105924"}],"collection":[{"href":"https:\/\/www.locoxelrojo.com\/independiente\/wp-json\/wp\/v2\/posts"}],"about":[{"href":"https:\/\/www.locoxelrojo.com\/independiente\/wp-json\/wp\/v2\/types\/post"}],"author":[{"embeddable":true,"href":"https:\/\/www.locoxelrojo.com\/independiente\/wp-json\/wp\/v2\/users\/101027"}],"replies":[{"embeddable":true,"href":"https:\/\/www.locoxelrojo.com\/independiente\/wp-json\/wp\/v2\/comments?post=105924"}],"version-history":[{"count":1,"href":"https:\/\/www.locoxelrojo.com\/independiente\/wp-json\/wp\/v2\/posts\/105924\/revisions"}],"predecessor-version":[{"id":105929,"href":"https:\/\/www.locoxelrojo.com\/independiente\/wp-json\/wp\/v2\/posts\/105924\/revisions\/105929"}],"wp:featuredmedia":[{"embeddable":true,"href":"https:\/\/www.locoxelrojo.com\/independiente\/wp-json\/wp\/v2\/media\/105928"}],"wp:attachment":[{"href":"https:\/\/www.locoxelrojo.com\/independiente\/wp-json\/wp\/v2\/media?parent=105924"}],"wp:term":[{"taxonomy":"category","embeddable":true,"href":"https:\/\/www.locoxelrojo.com\/independiente\/wp-json\/wp\/v2\/categories?post=105924"},{"taxonomy":"post_tag","embeddable":true,"href":"https:\/\/www.locoxelrojo.com\/independiente\/wp-json\/wp\/v2\/tags?post=105924"}],"curies":[{"name":"wp","href":"https:\/\/api.w.org\/{rel}","templated":true}]}}