{"id":106014,"date":"2022-06-07T15:10:36","date_gmt":"2022-06-07T18:10:36","guid":{"rendered":"https:\/\/www.locoxelrojo.com\/independiente\/?p=106014"},"modified":"2022-06-07T15:10:36","modified_gmt":"2022-06-07T18:10:36","slug":"pozzo-sobre-el-momento-de-su-lesion-pense-en-lo-peor","status":"publish","type":"post","link":"https:\/\/www.locoxelrojo.com\/independiente\/2022\/06\/07\/pozzo-sobre-el-momento-de-su-lesion-pense-en-lo-peor\/","title":{"rendered":"Pozzo sobre el momento de su lesi\u00f3n: &#8220;Pens\u00e9 en lo peor&#8221;"},"content":{"rendered":"<p>Tom\u00e1s Pozzo cont\u00f3 c\u00f3mo fue <a href=\"https:\/\/www.locoxelrojo.com\/independiente\/2022\/06\/04\/pozzo-se-temia-lo-peor-el-parte-medico\/\">el<strong> impacto de la lesi\u00f3n y lo primero que se le pas\u00f3 por la cabeza despu\u00e9s de la patada de Federico Gattoni<\/strong><\/a>.<\/p>\n<p>Se tuvo que retirar a los 43 minutos del segundo tiempo y Pozzo pens\u00f3 en lo peor: &#8220;<strong>El impacto no me lo esperaba, porque yo no me preparo para el golpe porque no lo veo llegar al defensor, entonces fue m\u00e1s chocante por ese lado y la forma en que mi pierna derecha qued\u00f3 entre las dos piernas de \u00e9l<\/strong>&#8220;<i>. <\/i>A su vez destac\u00f3 el gesto del futbolista de San Lorenzo: \u201c<strong>Cuando termin\u00f3 el partido Gattoni me pidi\u00f3 disculpas y me mand\u00f3 un mensaje<\/strong>\u201d.<\/p>\n<p>&#8220;<strong>Es la primera vez que una patada as\u00ed me saca de un partido. Pens\u00e9 en lo peor porque ya hab\u00eda tenido fractura ah\u00ed. Fue un susto muy grande para mi, para mi familia y mis compa\u00f1eros<\/strong>&#8220;, agreg\u00f3.<\/p>\n<p>Luego, el volante explic\u00f3 c\u00f3mo viene su recuperaci\u00f3n: &#8220;<strong>Ahora estoy con kinesiolog\u00eda, arranqu\u00e9 el domingo despu\u00e9s que me den el resultado y supongo que me lleva unos d\u00edas m\u00e1s y entreno normal. Por suerte no sali\u00f3 que tenia alg\u00fan ligamento roto, que ese era mi miedo, ah\u00ed si me iban a tener que operar<\/strong>&#8220;.<\/p>\n<p><i>&#8220;<\/i><strong>Uno siempre quiere jugar, y m\u00e1s de arranque, pero soy un profesional y aporto desde donde me toque. No habl\u00e9 con (Eduardo) Dom\u00ednguez ni tampoco creo que me tenga que dar explicaciones<\/strong>\u201d, expres\u00f3 sobre su suplencia en los \u00faltimos partidos.<\/p>\n<p>Por \u00faltimo, detall\u00f3 su particular festejo en los goles: \u201c<strong>El festejo de gol con la L es para un grupo que tengo con mis amigos. Y con el \u201cTanque\u201d (Benegas) siempre planeamos alg\u00fan festejo y lo hacemos<\/strong>\u201d.<\/p>\n","protected":false},"excerpt":{"rendered":"<p>Tom\u00e1s Pozzo cont\u00f3 c\u00f3mo fue el impacto de la lesi\u00f3n y lo primero que se le pas\u00f3 por la cabeza despu\u00e9s de la patada de Federico Gattoni. Se tuvo que retirar a los 43 minutos del segundo tiempo y Pozzo pens\u00f3 en lo peor: &#8220;El impacto no me lo esperaba, porque yo no me preparo [&hellip;]<\/p>\n","protected":false},"author":101027,"featured_media":106018,"comment_status":"open","ping_status":"closed","sticky":false,"template":"","format":"standard","meta":{"_links_to":"","_links_to_target":""},"categories":[3280,3247],"tags":[153,2207,4255],"_links":{"self":[{"href":"https:\/\/www.locoxelrojo.com\/independiente\/wp-json\/wp\/v2\/posts\/106014"}],"collection":[{"href":"https:\/\/www.locoxelrojo.com\/independiente\/wp-json\/wp\/v2\/posts"}],"about":[{"href":"https:\/\/www.locoxelrojo.com\/independiente\/wp-json\/wp\/v2\/types\/post"}],"author":[{"embeddable":true,"href":"https:\/\/www.locoxelrojo.com\/independiente\/wp-json\/wp\/v2\/users\/101027"}],"replies":[{"embeddable":true,"href":"https:\/\/www.locoxelrojo.com\/independiente\/wp-json\/wp\/v2\/comments?post=106014"}],"version-history":[{"count":1,"href":"https:\/\/www.locoxelrojo.com\/independiente\/wp-json\/wp\/v2\/posts\/106014\/revisions"}],"predecessor-version":[{"id":106021,"href":"https:\/\/www.locoxelrojo.com\/independiente\/wp-json\/wp\/v2\/posts\/106014\/revisions\/106021"}],"wp:featuredmedia":[{"embeddable":true,"href":"https:\/\/www.locoxelrojo.com\/independiente\/wp-json\/wp\/v2\/media\/106018"}],"wp:attachment":[{"href":"https:\/\/www.locoxelrojo.com\/independiente\/wp-json\/wp\/v2\/media?parent=106014"}],"wp:term":[{"taxonomy":"category","embeddable":true,"href":"https:\/\/www.locoxelrojo.com\/independiente\/wp-json\/wp\/v2\/categories?post=106014"},{"taxonomy":"post_tag","embeddable":true,"href":"https:\/\/www.locoxelrojo.com\/independiente\/wp-json\/wp\/v2\/tags?post=106014"}],"curies":[{"name":"wp","href":"https:\/\/api.w.org\/{rel}","templated":true}]}}