{"id":106022,"date":"2022-06-09T22:10:44","date_gmt":"2022-06-10T01:10:44","guid":{"rendered":"https:\/\/www.locoxelrojo.com\/independiente\/?p=106022"},"modified":"2022-06-10T01:39:15","modified_gmt":"2022-06-10T04:39:15","slug":"rapallini-el-arbitro-para-recibir-a-talleres","status":"publish","type":"post","link":"https:\/\/www.locoxelrojo.com\/independiente\/2022\/06\/09\/rapallini-el-arbitro-para-recibir-a-talleres\/","title":{"rendered":"Rapallini, el \u00e1rbitro para recibir a Talleres"},"content":{"rendered":"<p><strong>Fernando Rapallini<\/strong>\u00a0fue designado para dirigir el partido entre\u00a0<strong>Independiente<\/strong> y Talleres de C\u00f3rdoba este viernes desde las 21.30 en <strong>Avellaneda<\/strong>.<\/p>\n<p>El Rojo tiene un saldo parejo con\u00a0<strong>Rapallini<\/strong>\u00a0como \u00e1rbitro:\u00a0<strong>en 18 partidos jugados, cosech\u00f3 5 triunfos, 8 empates y 5 derrotas.<\/strong><\/p>\n<p><strong>La \u00faltima vez que dirigi\u00f3 al Rey de Copas fue el 14 de marzo<\/strong>, en la fecha 6 de la Copa de la Liga Profesional. En aquella ocasi\u00f3n fue igualdad 1-1<strong> ante Central C\u00f3rdoba en el Libertadores de Am\u00e9rica<\/strong>.<\/p>\n<p><iframe loading=\"lazy\" title=\"YouTube video player\" src=\"https:\/\/www.youtube.com\/embed\/Qsmf619AR_4\" width=\"560\" height=\"315\" frameborder=\"0\" allowfullscreen=\"allowfullscreen\"><\/iframe><\/p>\n<p>Junto al juez principal estar\u00e1n <strong>Diego Bonf\u00e1<\/strong>\u00a0y <strong>Gerardo Carretero<\/strong> como \u00e1rbitros asistentes, mientras que el cuarto ser\u00e1 <strong>Lucas Comesa\u00f1a<\/strong>.<\/p>\n","protected":false},"excerpt":{"rendered":"<p>Fernando Rapallini\u00a0fue designado para dirigir el partido entre\u00a0Independiente y Talleres de C\u00f3rdoba este viernes desde las 21.30 en Avellaneda. El Rojo tiene un saldo parejo con\u00a0Rapallini\u00a0como \u00e1rbitro:\u00a0en 18 partidos jugados, cosech\u00f3 5 triunfos, 8 empates y 5 derrotas. La \u00faltima vez que dirigi\u00f3 al Rey de Copas fue el 14 de marzo, en la fecha [&hellip;]<\/p>\n","protected":false},"author":101027,"featured_media":106025,"comment_status":"open","ping_status":"closed","sticky":false,"template":"","format":"standard","meta":{"_links_to":"","_links_to_target":""},"categories":[3280,3247],"tags":[153,4821,1781,5204,5193,4955,529],"_links":{"self":[{"href":"https:\/\/www.locoxelrojo.com\/independiente\/wp-json\/wp\/v2\/posts\/106022"}],"collection":[{"href":"https:\/\/www.locoxelrojo.com\/independiente\/wp-json\/wp\/v2\/posts"}],"about":[{"href":"https:\/\/www.locoxelrojo.com\/independiente\/wp-json\/wp\/v2\/types\/post"}],"author":[{"embeddable":true,"href":"https:\/\/www.locoxelrojo.com\/independiente\/wp-json\/wp\/v2\/users\/101027"}],"replies":[{"embeddable":true,"href":"https:\/\/www.locoxelrojo.com\/independiente\/wp-json\/wp\/v2\/comments?post=106022"}],"version-history":[{"count":2,"href":"https:\/\/www.locoxelrojo.com\/independiente\/wp-json\/wp\/v2\/posts\/106022\/revisions"}],"predecessor-version":[{"id":106026,"href":"https:\/\/www.locoxelrojo.com\/independiente\/wp-json\/wp\/v2\/posts\/106022\/revisions\/106026"}],"wp:featuredmedia":[{"embeddable":true,"href":"https:\/\/www.locoxelrojo.com\/independiente\/wp-json\/wp\/v2\/media\/106025"}],"wp:attachment":[{"href":"https:\/\/www.locoxelrojo.com\/independiente\/wp-json\/wp\/v2\/media?parent=106022"}],"wp:term":[{"taxonomy":"category","embeddable":true,"href":"https:\/\/www.locoxelrojo.com\/independiente\/wp-json\/wp\/v2\/categories?post=106022"},{"taxonomy":"post_tag","embeddable":true,"href":"https:\/\/www.locoxelrojo.com\/independiente\/wp-json\/wp\/v2\/tags?post=106022"}],"curies":[{"name":"wp","href":"https:\/\/api.w.org\/{rel}","templated":true}]}}