{"id":106049,"date":"2022-06-08T21:10:32","date_gmt":"2022-06-09T00:10:32","guid":{"rendered":"https:\/\/www.locoxelrojo.com\/independiente\/?p=106049"},"modified":"2022-06-09T00:07:11","modified_gmt":"2022-06-09T03:07:11","slug":"gularte-no-jugara-en-independiente","status":"publish","type":"post","link":"https:\/\/www.locoxelrojo.com\/independiente\/2022\/06\/08\/gularte-no-jugara-en-independiente\/","title":{"rendered":"Gularte no jugar\u00e1 en Independiente"},"content":{"rendered":"<p><strong>Emanuel Gularte no jugar\u00e1 en Independiente.<\/strong> El defensor uruguayo sonaba como posible refuerzo, pero <strong>las negociaciones finalizaron.<\/strong><\/p>\n<p>El d\u00eda martes, desde avellaneda <strong>ofrecieron 700.000 d\u00f3lares por el 50% del pase.<\/strong> La oferta fue <strong>considerada insuficiente<\/strong> y del lado de Independiente no tienen pensado mejorarla, por lo que <strong>las charlas no continuar\u00e1n.<\/strong><\/p>\n<p>Gularte, central de 24 a\u00f1os, es <strong>titular en el Puebla<\/strong> de M\u00e9xico y es <strong>del gusto de Eduardo Dom\u00ednguez y Daniel Montenegro<\/strong>.<\/p>\n<p>De esta manera, <strong>el Rey de Copas sigue sin incorporar jugadores en el actual mercado de pases.<\/strong><\/p>\n","protected":false},"excerpt":{"rendered":"<p>Emanuel Gularte no jugar\u00e1 en Independiente. El defensor uruguayo sonaba como posible refuerzo, pero las negociaciones finalizaron. El d\u00eda martes, desde avellaneda ofrecieron 700.000 d\u00f3lares por el 50% del pase. La oferta fue considerada insuficiente y del lado de Independiente no tienen pensado mejorarla, por lo que las charlas no continuar\u00e1n. Gularte, central de 24 [&hellip;]<\/p>\n","protected":false},"author":101029,"featured_media":106050,"comment_status":"open","ping_status":"closed","sticky":false,"template":"","format":"standard","meta":{"_links_to":"","_links_to_target":""},"categories":[3280,3247],"tags":[153,4474],"_links":{"self":[{"href":"https:\/\/www.locoxelrojo.com\/independiente\/wp-json\/wp\/v2\/posts\/106049"}],"collection":[{"href":"https:\/\/www.locoxelrojo.com\/independiente\/wp-json\/wp\/v2\/posts"}],"about":[{"href":"https:\/\/www.locoxelrojo.com\/independiente\/wp-json\/wp\/v2\/types\/post"}],"author":[{"embeddable":true,"href":"https:\/\/www.locoxelrojo.com\/independiente\/wp-json\/wp\/v2\/users\/101029"}],"replies":[{"embeddable":true,"href":"https:\/\/www.locoxelrojo.com\/independiente\/wp-json\/wp\/v2\/comments?post=106049"}],"version-history":[{"count":1,"href":"https:\/\/www.locoxelrojo.com\/independiente\/wp-json\/wp\/v2\/posts\/106049\/revisions"}],"predecessor-version":[{"id":106052,"href":"https:\/\/www.locoxelrojo.com\/independiente\/wp-json\/wp\/v2\/posts\/106049\/revisions\/106052"}],"wp:featuredmedia":[{"embeddable":true,"href":"https:\/\/www.locoxelrojo.com\/independiente\/wp-json\/wp\/v2\/media\/106050"}],"wp:attachment":[{"href":"https:\/\/www.locoxelrojo.com\/independiente\/wp-json\/wp\/v2\/media?parent=106049"}],"wp:term":[{"taxonomy":"category","embeddable":true,"href":"https:\/\/www.locoxelrojo.com\/independiente\/wp-json\/wp\/v2\/categories?post=106049"},{"taxonomy":"post_tag","embeddable":true,"href":"https:\/\/www.locoxelrojo.com\/independiente\/wp-json\/wp\/v2\/tags?post=106049"}],"curies":[{"name":"wp","href":"https:\/\/api.w.org\/{rel}","templated":true}]}}