{"id":10607,"date":"2011-08-30T13:02:19","date_gmt":"2011-08-30T16:02:19","guid":{"rendered":"http:\/\/www.locoxelrojo.com.ar\/independiente\/?p=10607"},"modified":"2011-08-30T14:47:25","modified_gmt":"2011-08-30T17:47:25","slug":"mas-de-lo-mismo-2","status":"publish","type":"post","link":"https:\/\/www.locoxelrojo.com\/independiente\/2011\/08\/30\/mas-de-lo-mismo-2\/","title":{"rendered":"M\u00e1s de lo mismo"},"content":{"rendered":"<p><a href=\"http:\/\/www.locoxelrojo.com.ar\/independiente\/wp-content\/uploads\/2011\/08\/hernan_Fredes.jpg\"><img loading=\"lazy\" src=\"http:\/\/www.locoxelrojo.com.ar\/independiente\/wp-content\/uploads\/2011\/08\/hernan_Fredes.jpg\" alt=\"\" title=\"hernan_Fredes\" width=\"590\" height=\"315\" class=\"alignnone size-full wp-image-10608\" srcset=\"https:\/\/locoxelrojo.com\/independiente\/wp-content\/uploads\/2011\/08\/hernan_Fredes.jpg 590w, https:\/\/locoxelrojo.com\/independiente\/wp-content\/uploads\/2011\/08\/hernan_Fredes-300x160.jpg 300w\" sizes=\"(max-width: 590px) 100vw, 590px\" \/><\/a><\/p>\n<p>Independiente volvi\u00f3 a los entrenamientos en Villa Dom\u00ednico y luego de 6 partidos oficiales los soldados vuelven a caerse. Esta vez se confirm\u00f3 el desgarro de Hernan Fredes -4 mil\u00edmetros y un mes afuera de las canchas a pesar de que el parte m\u00e9dico inform\u00f3 2 a 3 semanas para que la situaci\u00f3n no se vuelva tensa-. <\/p>\n<p>La mala pretemporada tambi\u00e9n dej\u00f3 varios jugadores con nanas luego del partido frente a Argentinos Juniors: Gabriel Milito, Juli\u00e1n Vel\u00e1zquez e Hilario Navarro trotaron diferenciado alrrededor del campo de juego mientras el resto de sus compa\u00f1eros realizaba f\u00fatbol reducido. Luego, los trabajos continuaron en el gimnasio.<\/p>\n<p>La \u00fanica buena novedad fue el retorno a los entrenamientos de Lucas Villafa\u00f1ez quien podr\u00eda ser titular frente a Boca considerando que Antonio Mohamed no incluir\u00eda entre los titulares a Osmar Ferreyra. El Rojo saldr\u00eda entonces frente Boca con Fabi\u00e1n Assmann; Eduardo Tuzzio, Gabriel Milito y Juli\u00e1n Vel\u00e1zquez; Iv\u00e1n V\u00e9lez, Iv\u00e1n P\u00e9rez, Cristian Pellerano y Maximiliano Vel\u00e1zquez; Lucas Villafa\u00f1ez; Marco P\u00e9rez y Facundo Parra.<\/p>\n","protected":false},"excerpt":{"rendered":"<p>Independiente volvi\u00f3 a los entrenamientos en Villa Dom\u00ednico y luego de 6 partidos oficiales los soldados vuelven a caerse. Esta vez se confirm\u00f3 el desgarro de Hernan Fredes -4 mil\u00edmetros y un mes afuera de las canchas a pesar de que el parte m\u00e9dico inform\u00f3 2 a 3 semanas para que la situaci\u00f3n no se [&hellip;]<\/p>\n","protected":false},"author":1,"featured_media":0,"comment_status":"open","ping_status":"open","sticky":false,"template":"","format":"standard","meta":{"_links_to":"","_links_to_target":""},"categories":[3,1],"tags":[153,71,61],"_links":{"self":[{"href":"https:\/\/www.locoxelrojo.com\/independiente\/wp-json\/wp\/v2\/posts\/10607"}],"collection":[{"href":"https:\/\/www.locoxelrojo.com\/independiente\/wp-json\/wp\/v2\/posts"}],"about":[{"href":"https:\/\/www.locoxelrojo.com\/independiente\/wp-json\/wp\/v2\/types\/post"}],"author":[{"embeddable":true,"href":"https:\/\/www.locoxelrojo.com\/independiente\/wp-json\/wp\/v2\/users\/1"}],"replies":[{"embeddable":true,"href":"https:\/\/www.locoxelrojo.com\/independiente\/wp-json\/wp\/v2\/comments?post=10607"}],"version-history":[{"count":0,"href":"https:\/\/www.locoxelrojo.com\/independiente\/wp-json\/wp\/v2\/posts\/10607\/revisions"}],"wp:attachment":[{"href":"https:\/\/www.locoxelrojo.com\/independiente\/wp-json\/wp\/v2\/media?parent=10607"}],"wp:term":[{"taxonomy":"category","embeddable":true,"href":"https:\/\/www.locoxelrojo.com\/independiente\/wp-json\/wp\/v2\/categories?post=10607"},{"taxonomy":"post_tag","embeddable":true,"href":"https:\/\/www.locoxelrojo.com\/independiente\/wp-json\/wp\/v2\/tags?post=10607"}],"curies":[{"name":"wp","href":"https:\/\/api.w.org\/{rel}","templated":true}]}}