{"id":106092,"date":"2022-06-09T22:15:12","date_gmt":"2022-06-10T01:15:12","guid":{"rendered":"https:\/\/www.locoxelrojo.com\/independiente\/?p=106092"},"modified":"2022-06-10T01:36:48","modified_gmt":"2022-06-10T04:36:48","slug":"asi-llega-la-t-3","status":"publish","type":"post","link":"https:\/\/www.locoxelrojo.com\/independiente\/2022\/06\/09\/asi-llega-la-t-3\/","title":{"rendered":"As\u00ed llega la T"},"content":{"rendered":"<p><strong>Talleres visitar\u00e1 a Independiente desde las 21:30 en el Estadio Libertadores de Am\u00e9rica-Ricardo Enrique Bochini, por la 2\u00aa fecha de la Liga Profesional.<\/strong><\/p>\n<p>La T llega de buen \u00e1nimo tras <strong>vencer 2-0 a Sarmiento en C\u00f3rdoba<\/strong> en la primera fecha. Federico Girotti y Enzo D\u00edaz marcaron los goles del triunfo en el debut. Este resultado estir\u00f3 su invicto a 5 partidos: <strong>acumula 3 victorias y 2 empates<\/strong> entre el torneo local y la Copa Libertadores.<\/p>\n<p>Cabe destacar que el equipo cordob\u00e9s <strong>pas\u00f3 con \u00e9xito la fase de grupos del m\u00e1ximo certamen continental quedando 2\u00ba detr\u00e1s de Flamengo<\/strong>,\u00a0y ahora se prepara para enfrentar a Col\u00f3n en octavos de final.<\/p>\n<p>Para visitar al Rojo, el t\u00e9cnico portugu\u00e9s Pedro Caixinha meter\u00eda una sola variante respecto del equipo que gan\u00f3 en C\u00f3rdoba. El juvenil<strong> Fernando Ju\u00e1rez podr\u00eda ingresar por Santiago Toloza<\/strong> en mitad de cancha.<\/p>\n<p>Los once de Talleres en Avellaneda ser\u00edan <strong>Guido Herrera; Gast\u00f3n Benavidez, Mat\u00edas Catal\u00e1n, Rafael P\u00e9rez, D\u00edaz; Mat\u00edas Esquivel, Ju\u00e1rez, Rodrigo Villagra, Mat\u00edas Godoy; Michael Santos y Girotti<\/strong>.<\/p>\n","protected":false},"excerpt":{"rendered":"<p>Talleres visitar\u00e1 a Independiente desde las 21:30 en el Estadio Libertadores de Am\u00e9rica-Ricardo Enrique Bochini, por la 2\u00aa fecha de la Liga Profesional. La T llega de buen \u00e1nimo tras vencer 2-0 a Sarmiento en C\u00f3rdoba en la primera fecha. Federico Girotti y Enzo D\u00edaz marcaron los goles del triunfo en el debut. Este resultado [&hellip;]<\/p>\n","protected":false},"author":8,"featured_media":106096,"comment_status":"open","ping_status":"closed","sticky":false,"template":"","format":"standard","meta":{"_links_to":"","_links_to_target":""},"categories":[1990,3247],"tags":[153,3275,5193,529],"_links":{"self":[{"href":"https:\/\/www.locoxelrojo.com\/independiente\/wp-json\/wp\/v2\/posts\/106092"}],"collection":[{"href":"https:\/\/www.locoxelrojo.com\/independiente\/wp-json\/wp\/v2\/posts"}],"about":[{"href":"https:\/\/www.locoxelrojo.com\/independiente\/wp-json\/wp\/v2\/types\/post"}],"author":[{"embeddable":true,"href":"https:\/\/www.locoxelrojo.com\/independiente\/wp-json\/wp\/v2\/users\/8"}],"replies":[{"embeddable":true,"href":"https:\/\/www.locoxelrojo.com\/independiente\/wp-json\/wp\/v2\/comments?post=106092"}],"version-history":[{"count":2,"href":"https:\/\/www.locoxelrojo.com\/independiente\/wp-json\/wp\/v2\/posts\/106092\/revisions"}],"predecessor-version":[{"id":106095,"href":"https:\/\/www.locoxelrojo.com\/independiente\/wp-json\/wp\/v2\/posts\/106092\/revisions\/106095"}],"wp:featuredmedia":[{"embeddable":true,"href":"https:\/\/www.locoxelrojo.com\/independiente\/wp-json\/wp\/v2\/media\/106096"}],"wp:attachment":[{"href":"https:\/\/www.locoxelrojo.com\/independiente\/wp-json\/wp\/v2\/media?parent=106092"}],"wp:term":[{"taxonomy":"category","embeddable":true,"href":"https:\/\/www.locoxelrojo.com\/independiente\/wp-json\/wp\/v2\/categories?post=106092"},{"taxonomy":"post_tag","embeddable":true,"href":"https:\/\/www.locoxelrojo.com\/independiente\/wp-json\/wp\/v2\/tags?post=106092"}],"curies":[{"name":"wp","href":"https:\/\/api.w.org\/{rel}","templated":true}]}}