{"id":106106,"date":"2022-06-10T18:14:27","date_gmt":"2022-06-10T21:14:27","guid":{"rendered":"https:\/\/www.locoxelrojo.com\/independiente\/?p=106106"},"modified":"2022-06-10T18:14:27","modified_gmt":"2022-06-10T21:14:27","slug":"acuerdo-con-aliendro","status":"publish","type":"post","link":"https:\/\/www.locoxelrojo.com\/independiente\/2022\/06\/10\/acuerdo-con-aliendro\/","title":{"rendered":"Acuerdo con Aliendro"},"content":{"rendered":"<p><strong>Rodrigo Aliendro cerr\u00f3 un acuerdo de palabra con Independiente.<\/strong><\/p>\n<p>El mediocampista de Col\u00f3n de Santa Fe est\u00e1 a un paso de convertirse en refuerzo del Rojo. <strong>El 30 de junio ser\u00e1 jugador libre y en las \u00faltimas horas acord\u00f3 su contrato. <\/strong><\/p>\n<p>Todo lo que se habl\u00f3 con su representante Daniel Bolotnicoff, los dirigentes de Independiente se lo van a cumplir. <strong>Incluso, un pago por adelantado al momento de la firma, que saldr\u00e1 de lo que se le iba a abonar a Domingo Blanco. <\/strong><\/p>\n<p><strong>Al jugador de 31 a\u00f1os le seduce la idea de jugar en el Rey de Copas.<\/strong> Ten\u00eda otros ofrecimientos del f\u00fatbol argentino sobre la mesa, <strong>pero ninguno mejor del que le ofrece Independiente<\/strong>. Adem\u00e1s, <strong>Eduardo Dom\u00ednguez hizo mucha fuerza y su presencia ayud\u00f3 para que todo llegue a buen puerto. <\/strong><\/p>\n<p><strong>Cumplir\u00e1 todo su contrato actual en el Sabalero, incluso estar\u00eda presente en el partido de ida de Copa Libertadores frente a Talleres.<\/strong> Ahora, solo resta llevar todo lo acordado de palabra a papel y estampar la firma. <strong>Esto se terminar\u00e1 de oficializar en los pr\u00f3ximos d\u00edas. <\/strong><\/p>\n","protected":false},"excerpt":{"rendered":"<p>Rodrigo Aliendro cerr\u00f3 un acuerdo de palabra con Independiente. El mediocampista de Col\u00f3n de Santa Fe est\u00e1 a un paso de convertirse en refuerzo del Rojo. El 30 de junio ser\u00e1 jugador libre y en las \u00faltimas horas acord\u00f3 su contrato. Todo lo que se habl\u00f3 con su representante Daniel Bolotnicoff, los dirigentes de Independiente [&hellip;]<\/p>\n","protected":false},"author":1,"featured_media":106107,"comment_status":"open","ping_status":"closed","sticky":false,"template":"","format":"standard","meta":{"_links_to":"","_links_to_target":""},"categories":[3280,3247],"tags":[153,4067],"_links":{"self":[{"href":"https:\/\/www.locoxelrojo.com\/independiente\/wp-json\/wp\/v2\/posts\/106106"}],"collection":[{"href":"https:\/\/www.locoxelrojo.com\/independiente\/wp-json\/wp\/v2\/posts"}],"about":[{"href":"https:\/\/www.locoxelrojo.com\/independiente\/wp-json\/wp\/v2\/types\/post"}],"author":[{"embeddable":true,"href":"https:\/\/www.locoxelrojo.com\/independiente\/wp-json\/wp\/v2\/users\/1"}],"replies":[{"embeddable":true,"href":"https:\/\/www.locoxelrojo.com\/independiente\/wp-json\/wp\/v2\/comments?post=106106"}],"version-history":[{"count":1,"href":"https:\/\/www.locoxelrojo.com\/independiente\/wp-json\/wp\/v2\/posts\/106106\/revisions"}],"predecessor-version":[{"id":106108,"href":"https:\/\/www.locoxelrojo.com\/independiente\/wp-json\/wp\/v2\/posts\/106106\/revisions\/106108"}],"wp:featuredmedia":[{"embeddable":true,"href":"https:\/\/www.locoxelrojo.com\/independiente\/wp-json\/wp\/v2\/media\/106107"}],"wp:attachment":[{"href":"https:\/\/www.locoxelrojo.com\/independiente\/wp-json\/wp\/v2\/media?parent=106106"}],"wp:term":[{"taxonomy":"category","embeddable":true,"href":"https:\/\/www.locoxelrojo.com\/independiente\/wp-json\/wp\/v2\/categories?post=106106"},{"taxonomy":"post_tag","embeddable":true,"href":"https:\/\/www.locoxelrojo.com\/independiente\/wp-json\/wp\/v2\/tags?post=106106"}],"curies":[{"name":"wp","href":"https:\/\/api.w.org\/{rel}","templated":true}]}}