{"id":106241,"date":"2022-06-16T23:40:44","date_gmt":"2022-06-17T02:40:44","guid":{"rendered":"https:\/\/www.locoxelrojo.com\/independiente\/?p=106241"},"modified":"2022-06-17T01:25:00","modified_gmt":"2022-06-17T04:25:00","slug":"dominguez-esta-claro-que-necesitamos-que-vengan-futbolistas","status":"publish","type":"post","link":"https:\/\/www.locoxelrojo.com\/independiente\/2022\/06\/16\/dominguez-esta-claro-que-necesitamos-que-vengan-futbolistas\/","title":{"rendered":"Dom\u00ednguez: &#8220;Est\u00e1 claro que necesitamos que vengan futbolistas\u201d"},"content":{"rendered":"<p>Tras la floja imagen que dej\u00f3 <a href=\"https:\/\/www.locoxelrojo.com\/independiente\/2022\/06\/16\/palida-derrota\/\">Independiente en la derrota 2-1 contra Argentinos Juniors<\/a>, <strong>Eduardo Dom\u00ednguez<\/strong> habl\u00f3 en conferencia de prensa.<\/p>\n<p><strong>\u201cNo tuvimos una buena noche, nos cost\u00f3 agarrarle el ritmo al partido. Cuando tuvimos la pelota no supimos elaborar juego, estuvimos muy imprecisos. En el segundo tiempo con el gol de ellos el partido se hizo m\u00e1s de ida y vuelta pero sin peligro en ninguno de los dos arcos\u201d<\/strong>, arranc\u00f3 Dom\u00ednguez.<\/p>\n<p><strong>\u201cEl cambio de esquema se dio debido a los nombres de los futbolistas que ingresaron, pensamos que Cazares nos pod\u00eda dar mayor contacto con la pelota. Alan So\u00f1ora sali\u00f3 con un golpe en la rodilla\u201d<\/strong>, se\u00f1al\u00f3 sobre el cambio de dibujo t\u00e1ctico y de nombres en el entretiempo.<\/p>\n<p>En cuanto al libro de pases, el DT indic\u00f3: <strong>\u201cCuando finalice el libro de pases veremos en qu\u00e9 momento estamos, qui\u00e9nes vinieron, qui\u00e9nes no y c\u00f3mo se hicieron las gestiones para que vengan esos jugadores y a partir de ah\u00ed veremos para lo que realmente<\/strong> <strong>estamos<\/strong>\u201d. A su vez, apunt\u00f3 contra la dirigencia: &#8220;<strong>No s\u00e9 si han avanzado o no en algunas cuestiones. Est\u00e1 claro que necesitamos que vengan futbolistas\u201d.<\/strong><\/p>\n<p><strong>\u201cHizo un esfuerzo enorme para venir a Independiente. El club tambi\u00e9n est\u00e1 haciendo un esfuerzo enorme pero todav\u00eda no entren\u00f3 con nosotros. No s\u00e9 cu\u00e1l es la traba, cu\u00e1l es la situaci\u00f3n, realmente no s\u00e9 qu\u00e9 es lo que pasa&#8221;<\/strong>, expres\u00f3 sorprendido sobre la postergaci\u00f3n de Iv\u00e1n Marcone.<\/p>\n<p>Al final ya se enofoc\u00f3 en cambiar r\u00e1pido el chip y pensar en Estudiantes de La Plata: <strong>\u201cEspero que el d\u00eda lunes lo podamos hacer mejor en nuestra casa\u201d.<\/strong><\/p>\n<blockquote class=\"twitter-tweet\">\n<p dir=\"ltr\" lang=\"es\"><a href=\"https:\/\/twitter.com\/hashtag\/ESPNF10?src=hash&amp;ref_src=twsrc%5Etfw\">#ESPNF10<\/a> | <a href=\"https:\/\/twitter.com\/hashtag\/ESPNenStarPlus?src=hash&amp;ref_src=twsrc%5Etfw\">#ESPNenStarPlus<\/a><\/p>\n<p>&#8220;EST\u00c1 CLARO QUE NECESITAMOS REFUERZOS&#8221;<\/p>\n<p>Eduardo Dom\u00ednguez habl\u00f3 en conferencia de prensa sobre la falta de futbolistas en su plantel.<\/p>\n<p>Mir\u00e1 el programa, en vivo, por &#8211;&gt; <a href=\"https:\/\/t.co\/1PoZtrKGZp\">https:\/\/t.co\/1PoZtrKGZp<\/a> <a href=\"https:\/\/t.co\/5tSZjieNdT\">pic.twitter.com\/5tSZjieNdT<\/a><\/p>\n<p>\u2014 ESPN F\u00fatbol Argentina (@ESPNFutbolArg) <a href=\"https:\/\/twitter.com\/ESPNFutbolArg\/status\/1537620105189806080?ref_src=twsrc%5Etfw\">June 17, 2022<\/a><\/p><\/blockquote>\n<p><script async src=\"https:\/\/platform.twitter.com\/widgets.js\" charset=\"utf-8\"><\/script><\/p>\n","protected":false},"excerpt":{"rendered":"<p>Tras la floja imagen que dej\u00f3 Independiente en la derrota 2-1 contra Argentinos Juniors, Eduardo Dom\u00ednguez habl\u00f3 en conferencia de prensa. \u201cNo tuvimos una buena noche, nos cost\u00f3 agarrarle el ritmo al partido. Cuando tuvimos la pelota no supimos elaborar juego, estuvimos muy imprecisos. En el segundo tiempo con el gol de ellos el partido [&hellip;]<\/p>\n","protected":false},"author":101027,"featured_media":106243,"comment_status":"open","ping_status":"closed","sticky":false,"template":"","format":"standard","meta":{"_links_to":"","_links_to_target":""},"categories":[3247,3],"tags":[153,2207],"_links":{"self":[{"href":"https:\/\/www.locoxelrojo.com\/independiente\/wp-json\/wp\/v2\/posts\/106241"}],"collection":[{"href":"https:\/\/www.locoxelrojo.com\/independiente\/wp-json\/wp\/v2\/posts"}],"about":[{"href":"https:\/\/www.locoxelrojo.com\/independiente\/wp-json\/wp\/v2\/types\/post"}],"author":[{"embeddable":true,"href":"https:\/\/www.locoxelrojo.com\/independiente\/wp-json\/wp\/v2\/users\/101027"}],"replies":[{"embeddable":true,"href":"https:\/\/www.locoxelrojo.com\/independiente\/wp-json\/wp\/v2\/comments?post=106241"}],"version-history":[{"count":3,"href":"https:\/\/www.locoxelrojo.com\/independiente\/wp-json\/wp\/v2\/posts\/106241\/revisions"}],"predecessor-version":[{"id":106273,"href":"https:\/\/www.locoxelrojo.com\/independiente\/wp-json\/wp\/v2\/posts\/106241\/revisions\/106273"}],"wp:featuredmedia":[{"embeddable":true,"href":"https:\/\/www.locoxelrojo.com\/independiente\/wp-json\/wp\/v2\/media\/106243"}],"wp:attachment":[{"href":"https:\/\/www.locoxelrojo.com\/independiente\/wp-json\/wp\/v2\/media?parent=106241"}],"wp:term":[{"taxonomy":"category","embeddable":true,"href":"https:\/\/www.locoxelrojo.com\/independiente\/wp-json\/wp\/v2\/categories?post=106241"},{"taxonomy":"post_tag","embeddable":true,"href":"https:\/\/www.locoxelrojo.com\/independiente\/wp-json\/wp\/v2\/tags?post=106241"}],"curies":[{"name":"wp","href":"https:\/\/api.w.org\/{rel}","templated":true}]}}