{"id":106289,"date":"2022-06-18T15:38:35","date_gmt":"2022-06-18T18:38:35","guid":{"rendered":"https:\/\/www.locoxelrojo.com\/independiente\/?p=106289"},"modified":"2022-06-18T15:38:35","modified_gmt":"2022-06-18T18:38:35","slug":"ivan-marcone-puso-la-firma","status":"publish","type":"post","link":"https:\/\/www.locoxelrojo.com\/independiente\/2022\/06\/18\/ivan-marcone-puso-la-firma\/","title":{"rendered":"Iv\u00e1n Marcone puso la firma"},"content":{"rendered":"<p><strong>Iv\u00e1n Marcone se convirti\u00f3 oficialmente en jugador de Independiente.<\/strong><\/p>\n<p>Pasaron varios a\u00f1os, muchos mercados de pases, pero finalmente <strong>el volante pudo cumplir su sue\u00f1o de llegar al Rojo<\/strong>. <a href=\"https:\/\/www.locoxelrojo.com\/independiente\/2022\/06\/14\/marcone-en-lo-deportivo-es-el-dia-mas-importante-de-mi-vida\/\">Tras pasar por la revisi\u00f3n m\u00e9dica<\/a> y <a href=\"https:\/\/www.locoxelrojo.com\/independiente\/2022\/06\/17\/uno-de-nosotros-independiente-anuncio-la-llegada-de-marcone\/\">ser presentado en las distintas plataformas del club<\/a>, este s\u00e1bado lleg\u00f3 el momento de estampar la firma en su contrato.<\/p>\n<p>Con la presencia del presidente Hugo Moyano y el asesor Daniel Montenegro, <strong>qued\u00f3 ligado al Rey de Copas por 2 a\u00f1os y medio<\/strong>. Adem\u00e1s, <strong>Independiente compr\u00f3 el 100% del pase al Elche en 2.000.000 de d\u00f3lares.<\/strong><\/p>\n<blockquote class=\"twitter-tweet\" data-width=\"550\" data-dnt=\"true\">\n<p lang=\"es\" dir=\"ltr\">Est\u00e1s en tu casa, Iv\u00e1n \u2764\ufe0f<\/p>\n<p>Marcon\u00e9 firm\u00f3 su contrato con el Club Atl\u00e9tico Independiente \u270d\ufe0f<a href=\"https:\/\/twitter.com\/hashtag\/TodoRojo?src=hash&amp;ref_src=twsrc%5Etfw\">#TodoRojo<\/a> \ud83d\udd34 <a href=\"https:\/\/t.co\/OPW3n2roxX\">pic.twitter.com\/OPW3n2roxX<\/a><\/p>\n<p>&mdash; C. A. Independiente (@Independiente) <a href=\"https:\/\/twitter.com\/Independiente\/status\/1538190689871200259?ref_src=twsrc%5Etfw\">June 18, 2022<\/a><\/p><\/blockquote>\n<p><script async src=\"https:\/\/platform.twitter.com\/widgets.js\" charset=\"utf-8\"><\/script><\/p>\n<p>Marcone pudo conocer este s\u00e1bado al plantel profesional y tuvo su primera pr\u00e1ctica en el predio de Villa Dom\u00ednico.<\/p>\n","protected":false},"excerpt":{"rendered":"<p>Iv\u00e1n Marcone se convirti\u00f3 oficialmente en jugador de Independiente. Pasaron varios a\u00f1os, muchos mercados de pases, pero finalmente el volante pudo cumplir su sue\u00f1o de llegar al Rojo. Tras pasar por la revisi\u00f3n m\u00e9dica y ser presentado en las distintas plataformas del club, este s\u00e1bado lleg\u00f3 el momento de estampar la firma en su contrato. [&hellip;]<\/p>\n","protected":false},"author":1,"featured_media":106290,"comment_status":"open","ping_status":"closed","sticky":false,"template":"","format":"standard","meta":{"_links_to":"","_links_to_target":""},"categories":[3247,3],"tags":[153,1859,140,2729],"_links":{"self":[{"href":"https:\/\/www.locoxelrojo.com\/independiente\/wp-json\/wp\/v2\/posts\/106289"}],"collection":[{"href":"https:\/\/www.locoxelrojo.com\/independiente\/wp-json\/wp\/v2\/posts"}],"about":[{"href":"https:\/\/www.locoxelrojo.com\/independiente\/wp-json\/wp\/v2\/types\/post"}],"author":[{"embeddable":true,"href":"https:\/\/www.locoxelrojo.com\/independiente\/wp-json\/wp\/v2\/users\/1"}],"replies":[{"embeddable":true,"href":"https:\/\/www.locoxelrojo.com\/independiente\/wp-json\/wp\/v2\/comments?post=106289"}],"version-history":[{"count":1,"href":"https:\/\/www.locoxelrojo.com\/independiente\/wp-json\/wp\/v2\/posts\/106289\/revisions"}],"predecessor-version":[{"id":106291,"href":"https:\/\/www.locoxelrojo.com\/independiente\/wp-json\/wp\/v2\/posts\/106289\/revisions\/106291"}],"wp:featuredmedia":[{"embeddable":true,"href":"https:\/\/www.locoxelrojo.com\/independiente\/wp-json\/wp\/v2\/media\/106290"}],"wp:attachment":[{"href":"https:\/\/www.locoxelrojo.com\/independiente\/wp-json\/wp\/v2\/media?parent=106289"}],"wp:term":[{"taxonomy":"category","embeddable":true,"href":"https:\/\/www.locoxelrojo.com\/independiente\/wp-json\/wp\/v2\/categories?post=106289"},{"taxonomy":"post_tag","embeddable":true,"href":"https:\/\/www.locoxelrojo.com\/independiente\/wp-json\/wp\/v2\/tags?post=106289"}],"curies":[{"name":"wp","href":"https:\/\/api.w.org\/{rel}","templated":true}]}}