{"id":106295,"date":"2022-06-18T17:01:46","date_gmt":"2022-06-18T20:01:46","guid":{"rendered":"https:\/\/www.locoxelrojo.com\/independiente\/?p=106295"},"modified":"2022-06-18T17:01:46","modified_gmt":"2022-06-18T20:01:46","slug":"romero-recuperado","status":"publish","type":"post","link":"https:\/\/www.locoxelrojo.com\/independiente\/2022\/06\/18\/romero-recuperado\/","title":{"rendered":"Romero recuperado"},"content":{"rendered":"<p><strong>Lucas Romero regres\u00f3 a los entrenamientos en Villa Dom\u00ednico luego de superar el Covid-19.<\/strong> El capit\u00e1n de Independiente hab\u00eda estado ausente en el encuentro ante Argentinos Juniors.<\/p>\n<p>El Perro <strong>se movi\u00f3 a la par de sus compa\u00f1eros<\/strong> en la pr\u00e1ctica de este s\u00e1bado y <strong>es muy probable que vaya desde el arranque en el partido del lunes contra Estudiantes de La Plata<\/strong>, en el Estadio Libertadores de Am\u00e9rica &#8211; Ricardo Enrique Bochini.<\/p>\n<p>Definitivamente, con un plantel tan corto, es una buena noticia para el entrenador. <strong>Su presencia depender\u00e1 si la evoluci\u00f3n en las pr\u00f3ximas horas sigue siendo favorable y tambi\u00e9n de Dom\u00ednguez<\/strong>, siempre y cuando quiera utilizarlo desde el arranque.<\/p>\n","protected":false},"excerpt":{"rendered":"<p>Lucas Romero regres\u00f3 a los entrenamientos en Villa Dom\u00ednico luego de superar el Covid-19. El capit\u00e1n de Independiente hab\u00eda estado ausente en el encuentro ante Argentinos Juniors. El Perro se movi\u00f3 a la par de sus compa\u00f1eros en la pr\u00e1ctica de este s\u00e1bado y es muy probable que vaya desde el arranque en el partido [&hellip;]<\/p>\n","protected":false},"author":101031,"featured_media":106296,"comment_status":"open","ping_status":"closed","sticky":false,"template":"","format":"standard","meta":{"_links_to":"","_links_to_target":""},"categories":[3247,3],"tags":[153,2768],"_links":{"self":[{"href":"https:\/\/www.locoxelrojo.com\/independiente\/wp-json\/wp\/v2\/posts\/106295"}],"collection":[{"href":"https:\/\/www.locoxelrojo.com\/independiente\/wp-json\/wp\/v2\/posts"}],"about":[{"href":"https:\/\/www.locoxelrojo.com\/independiente\/wp-json\/wp\/v2\/types\/post"}],"author":[{"embeddable":true,"href":"https:\/\/www.locoxelrojo.com\/independiente\/wp-json\/wp\/v2\/users\/101031"}],"replies":[{"embeddable":true,"href":"https:\/\/www.locoxelrojo.com\/independiente\/wp-json\/wp\/v2\/comments?post=106295"}],"version-history":[{"count":1,"href":"https:\/\/www.locoxelrojo.com\/independiente\/wp-json\/wp\/v2\/posts\/106295\/revisions"}],"predecessor-version":[{"id":106297,"href":"https:\/\/www.locoxelrojo.com\/independiente\/wp-json\/wp\/v2\/posts\/106295\/revisions\/106297"}],"wp:featuredmedia":[{"embeddable":true,"href":"https:\/\/www.locoxelrojo.com\/independiente\/wp-json\/wp\/v2\/media\/106296"}],"wp:attachment":[{"href":"https:\/\/www.locoxelrojo.com\/independiente\/wp-json\/wp\/v2\/media?parent=106295"}],"wp:term":[{"taxonomy":"category","embeddable":true,"href":"https:\/\/www.locoxelrojo.com\/independiente\/wp-json\/wp\/v2\/categories?post=106295"},{"taxonomy":"post_tag","embeddable":true,"href":"https:\/\/www.locoxelrojo.com\/independiente\/wp-json\/wp\/v2\/tags?post=106295"}],"curies":[{"name":"wp","href":"https:\/\/api.w.org\/{rel}","templated":true}]}}