{"id":106332,"date":"2022-06-19T20:00:17","date_gmt":"2022-06-19T23:00:17","guid":{"rendered":"https:\/\/www.locoxelrojo.com\/independiente\/?p=106332"},"modified":"2022-06-20T00:29:21","modified_gmt":"2022-06-20T03:29:21","slug":"concentrados-vs-estudiantes-con-marcone-en-la-lista","status":"publish","type":"post","link":"https:\/\/www.locoxelrojo.com\/independiente\/2022\/06\/19\/concentrados-vs-estudiantes-con-marcone-en-la-lista\/","title":{"rendered":"Concentrados vs. Estudiantes: con Marcone en la lista"},"content":{"rendered":"<p><strong>Eduardo Dom\u00ednguez entreg\u00f3 la lista de concentrados para recibir a Estudiantes por la cuarta fecha de la Liga Profesional. Las novedades pasaron por la inclusi\u00f3n de Iv\u00e1n Marcone y tres vueltas importantes.<\/strong><\/p>\n<p>Lo m\u00e1s destacado es <b>la convocatoria de Iv\u00e1n Marcone<\/b>,<a href=\"https:\/\/www.locoxelrojo.com\/independiente\/2022\/06\/17\/uno-de-nosotros-independiente-anuncio-la-llegada-de-marcone\/\"><strong> flamante refuerzo<\/strong> del Rojo<\/a> que <strong>podr\u00eda tener su debut<\/strong> en el encuentro frente al Pincha.<\/p>\n<p>Adem\u00e1s,<strong> Tom\u00e1s Pozzo y Dami\u00e1n Batallini volver\u00e1n<\/strong> a la lista luego de recuperarse de sus respectivas lesiones. Por su parte, <strong>Lucas Romero estar\u00e1 presente<\/strong> tras completar su per\u00edodo de aislamiento por Covid-19.<\/p>\n<p>Entre las <strong>ausencias<\/strong> se encuentran <strong>Alan So\u00f1ora,<\/strong> que <strong>no logr\u00f3 reponerse de su lesi\u00f3n<\/strong> a tiempo para este partido,<strong> y Justo D&#8217;Angelo,<\/strong> que hab\u00eda sido convocado en la fecha pasada por la ausencia de mediocampistas.<\/p>\n<p>Independiente<strong> sigue sin poder completar la lista de los 23 concentrados<\/strong>. No lo hizo en ninguno de estos primeros tres partidos y ante Estudiantes no ser\u00e1 la excepci\u00f3n, ya que el DT <strong>convoc\u00f3 s\u00f3lo a 21 jugadores.<\/strong><\/p>\n<h3><strong>Los concentrados por Dom\u00ednguez<\/strong><\/h3>\n<p><strong>Arqueros:<\/strong> Sebasti\u00e1n Sosa, Renzo Bacchia y Milton \u00c1lvarez.<\/p>\n<p><strong>Defensores:<\/strong> Joaqu\u00edn Laso, Lucas Rodr\u00edguez, Sergio Barreto, Alex Vigo y Juan Manuel Insaurralde.<\/p>\n<p><strong>Mediocampistas:<\/strong> Gast\u00f3n Togni, Lucas Gonz\u00e1lez, Ger\u00f3nimo Poblete, Iv\u00e1n Marcone, Tom\u00e1s Pozzo, Lucas Romero y Juan Cazares.<\/p>\n<p><strong>Delanteros:<\/strong> Dami\u00e1n Batallini, Leandro Fern\u00e1ndez, Leandro Benegas, Rodrigo M\u00e1rquez, Juli\u00e1n Romero y Santiago Hidalgo.<\/p>\n<blockquote class=\"twitter-tweet\" data-width=\"550\" data-dnt=\"true\">\n<p lang=\"es\" dir=\"ltr\">\ud83d\udccb Lista de concentrados ante Estudiantes<a href=\"https:\/\/twitter.com\/hashtag\/TodoRojo?src=hash&amp;ref_src=twsrc%5Etfw\">#TodoRojo<\/a> \ud83d\udd34 <a href=\"https:\/\/t.co\/nBxuGUVBEr\">pic.twitter.com\/nBxuGUVBEr<\/a><\/p>\n<p>&mdash; C. A. Independiente (@Independiente) <a href=\"https:\/\/twitter.com\/Independiente\/status\/1538657882505240577?ref_src=twsrc%5Etfw\">June 19, 2022<\/a><\/p><\/blockquote>\n<p><script async src=\"https:\/\/platform.twitter.com\/widgets.js\" charset=\"utf-8\"><\/script><\/p>\n","protected":false},"excerpt":{"rendered":"<p>Eduardo Dom\u00ednguez entreg\u00f3 la lista de concentrados para recibir a Estudiantes por la cuarta fecha de la Liga Profesional. Las novedades pasaron por la inclusi\u00f3n de Iv\u00e1n Marcone y tres vueltas importantes. Lo m\u00e1s destacado es la convocatoria de Iv\u00e1n Marcone, flamante refuerzo del Rojo que podr\u00eda tener su debut en el encuentro frente al [&hellip;]<\/p>\n","protected":false},"author":101030,"featured_media":106333,"comment_status":"open","ping_status":"closed","sticky":false,"template":"","format":"standard","meta":{"_links_to":"","_links_to_target":""},"categories":[3247,3],"tags":[153,4294,2207,277,2729,2768,4255],"_links":{"self":[{"href":"https:\/\/www.locoxelrojo.com\/independiente\/wp-json\/wp\/v2\/posts\/106332"}],"collection":[{"href":"https:\/\/www.locoxelrojo.com\/independiente\/wp-json\/wp\/v2\/posts"}],"about":[{"href":"https:\/\/www.locoxelrojo.com\/independiente\/wp-json\/wp\/v2\/types\/post"}],"author":[{"embeddable":true,"href":"https:\/\/www.locoxelrojo.com\/independiente\/wp-json\/wp\/v2\/users\/101030"}],"replies":[{"embeddable":true,"href":"https:\/\/www.locoxelrojo.com\/independiente\/wp-json\/wp\/v2\/comments?post=106332"}],"version-history":[{"count":3,"href":"https:\/\/www.locoxelrojo.com\/independiente\/wp-json\/wp\/v2\/posts\/106332\/revisions"}],"predecessor-version":[{"id":106336,"href":"https:\/\/www.locoxelrojo.com\/independiente\/wp-json\/wp\/v2\/posts\/106332\/revisions\/106336"}],"wp:featuredmedia":[{"embeddable":true,"href":"https:\/\/www.locoxelrojo.com\/independiente\/wp-json\/wp\/v2\/media\/106333"}],"wp:attachment":[{"href":"https:\/\/www.locoxelrojo.com\/independiente\/wp-json\/wp\/v2\/media?parent=106332"}],"wp:term":[{"taxonomy":"category","embeddable":true,"href":"https:\/\/www.locoxelrojo.com\/independiente\/wp-json\/wp\/v2\/categories?post=106332"},{"taxonomy":"post_tag","embeddable":true,"href":"https:\/\/www.locoxelrojo.com\/independiente\/wp-json\/wp\/v2\/tags?post=106332"}],"curies":[{"name":"wp","href":"https:\/\/api.w.org\/{rel}","templated":true}]}}