{"id":106376,"date":"2022-06-20T21:55:36","date_gmt":"2022-06-21T00:55:36","guid":{"rendered":"https:\/\/www.locoxelrojo.com\/independiente\/?p=106376"},"modified":"2022-06-21T03:55:45","modified_gmt":"2022-06-21T06:55:45","slug":"el-dt-metio-presion-por-aliendro","status":"publish","type":"post","link":"https:\/\/www.locoxelrojo.com\/independiente\/2022\/06\/20\/el-dt-metio-presion-por-aliendro\/","title":{"rendered":"El DT meti\u00f3 presi\u00f3n por Aliendro"},"content":{"rendered":"<p><strong>Eduardo Dom\u00ednguez<\/strong> expres\u00f3 su fastidio por la demora de Independiente en cerrar la incorporaci\u00f3n de Rodrigo Aliendro y pidi\u00f3 que la dirigencia acelere las gestiones.<\/p>\n<p><strong>&#8220;La decisi\u00f3n la toma el jugador. \u00c9l en ning\u00fan momento me dio la palabra, pero le entusiasma y gusta nuestro proyecto&#8221;<\/strong>, expres\u00f3 el entrenador en conferencia de prensa sobre su charla con la figura de Col\u00f3n.<\/p>\n<p>Mientras el Rojo se demora en cerrar la contrataci\u00f3n, Aliendro es tentado por varios clubes que quieren contar con \u00e9l. Dom\u00ednguez remarc\u00f3 que es hora de terminar con este tipo de novelas que se repiten en cada mercado de pases: <strong>&#8220;Nosotros nos tenemos que preocupar, priorizar, focalizar y mejorar por todo este tema, porque si seguimos de la misma forma, <b>estamos parados en el mismo lugar y eso quiere decir que no estamos avanzando, y nosotros debemos avanzar<\/b>&#8220;<\/strong>.<\/p>\n<p>Por otro lado, dijo que no sabe si Marcelo Gallardo llam\u00f3 a Aliendro como trascendi\u00f3 en las \u00faltimas horas. <strong>&#8220;Obviamente es un gran jugador, entonces no me llamar\u00eda la atenci\u00f3n si el entrenador de River se fijara en \u00e9l, como el entrenador de Boca, que no s\u00e9 si es del gusto de \u00e9l&#8221;<\/strong>, cerr\u00f3.<\/p>\n","protected":false},"excerpt":{"rendered":"<p>Eduardo Dom\u00ednguez expres\u00f3 su fastidio por la demora de Independiente en cerrar la incorporaci\u00f3n de Rodrigo Aliendro y pidi\u00f3 que la dirigencia acelere las gestiones. &#8220;La decisi\u00f3n la toma el jugador. \u00c9l en ning\u00fan momento me dio la palabra, pero le entusiasma y gusta nuestro proyecto&#8221;, expres\u00f3 el entrenador en conferencia de prensa sobre su [&hellip;]<\/p>\n","protected":false},"author":8,"featured_media":106378,"comment_status":"open","ping_status":"closed","sticky":false,"template":"","format":"standard","meta":{"_links_to":"","_links_to_target":""},"categories":[3247,3],"tags":[153,2207,277,5193,4067],"_links":{"self":[{"href":"https:\/\/www.locoxelrojo.com\/independiente\/wp-json\/wp\/v2\/posts\/106376"}],"collection":[{"href":"https:\/\/www.locoxelrojo.com\/independiente\/wp-json\/wp\/v2\/posts"}],"about":[{"href":"https:\/\/www.locoxelrojo.com\/independiente\/wp-json\/wp\/v2\/types\/post"}],"author":[{"embeddable":true,"href":"https:\/\/www.locoxelrojo.com\/independiente\/wp-json\/wp\/v2\/users\/8"}],"replies":[{"embeddable":true,"href":"https:\/\/www.locoxelrojo.com\/independiente\/wp-json\/wp\/v2\/comments?post=106376"}],"version-history":[{"count":3,"href":"https:\/\/www.locoxelrojo.com\/independiente\/wp-json\/wp\/v2\/posts\/106376\/revisions"}],"predecessor-version":[{"id":106380,"href":"https:\/\/www.locoxelrojo.com\/independiente\/wp-json\/wp\/v2\/posts\/106376\/revisions\/106380"}],"wp:featuredmedia":[{"embeddable":true,"href":"https:\/\/www.locoxelrojo.com\/independiente\/wp-json\/wp\/v2\/media\/106378"}],"wp:attachment":[{"href":"https:\/\/www.locoxelrojo.com\/independiente\/wp-json\/wp\/v2\/media?parent=106376"}],"wp:term":[{"taxonomy":"category","embeddable":true,"href":"https:\/\/www.locoxelrojo.com\/independiente\/wp-json\/wp\/v2\/categories?post=106376"},{"taxonomy":"post_tag","embeddable":true,"href":"https:\/\/www.locoxelrojo.com\/independiente\/wp-json\/wp\/v2\/tags?post=106376"}],"curies":[{"name":"wp","href":"https:\/\/api.w.org\/{rel}","templated":true}]}}