{"id":10638,"date":"2011-08-30T21:31:18","date_gmt":"2011-08-31T00:31:18","guid":{"rendered":"http:\/\/www.locoxelrojo.com.ar\/independiente\/?p=10638"},"modified":"2015-09-15T20:35:56","modified_gmt":"2015-09-15T23:35:56","slug":"hector-baldassi-es-el-arbitro-frente-a-boca","status":"publish","type":"post","link":"https:\/\/www.locoxelrojo.com\/independiente\/2011\/08\/30\/hector-baldassi-es-el-arbitro-frente-a-boca\/","title":{"rendered":"H\u00e9ctor Baldassi ser\u00e1 el \u00e1rbitro frente a Boca"},"content":{"rendered":"<p><a href=\"http:\/\/www.locoxelrojo.com.ar\/independiente\/wp-content\/uploads\/2011\/08\/baldassi.jpg\"><img loading=\"lazy\" class=\"alignnone size-full wp-image-10639\" title=\"baldassi\" src=\"http:\/\/www.locoxelrojo.com.ar\/independiente\/wp-content\/uploads\/2011\/08\/baldassi.jpg\" alt=\"\" width=\"590\" height=\"315\" srcset=\"https:\/\/locoxelrojo.com\/independiente\/wp-content\/uploads\/2011\/08\/baldassi.jpg 590w, https:\/\/locoxelrojo.com\/independiente\/wp-content\/uploads\/2011\/08\/baldassi-300x160.jpg 300w\" sizes=\"(max-width: 590px) 100vw, 590px\" \/><\/a><\/p>\n<p>La AFA entreg\u00f3 la programaci\u00f3n y los \u00e1rbitros para la 5ta Fecha del Torneo Apertura 2011. <strong>Independiente recibe a Boca Juniors en el Libertadores de Am\u00e9rica el domingo 4 de septiembre a las 18.10 con el arbitraje de H\u00e9ctor Baldassi.<\/strong><\/p>\n<p><strong>A continuaci\u00f3n la programaci\u00f3n detallada de la 5ta Fecha del Apertura: <\/strong><\/p>\n<p><strong>Viernes 2 de septiembre<\/strong><br \/>\n16.00&#8211; Newell\u00b4s Old Boys-Col\u00f3n, \u00c1rbitro: Federico Beligoy (TV)<br \/>\n18.10&#8211; Tigre-Banfield, \u00c1rbitro: Pablo D\u00edaz (TV)<br \/>\n21.10&#8211; San Lorenzo-Belgrano de C\u00f3rdoba, \u00c1rbitro: Sa\u00fal Laverni (TV)<\/p>\n<p><strong>S\u00e1bado 3 de septiembre<\/strong><br \/>\n15.05&#8211; Arsenal F.C. &#8211; Godoy Cruz Antonio Tomba, \u00c1rbitro: Sergio Pezzotta (TV)<br \/>\n19.15&#8211; All Boys-Racing Club, \u00c1rbitro: N\u00e9stor Pitana (TV)<br \/>\n21.20&#8211; Lan\u00fas-Estudiantes de La Plata, \u00c1rbitro: Diego Abal (TV)<\/p>\n<p><strong>Domingo 4 de septiembre<\/strong><br \/>\n14.00&#8211; San Mart\u00edn de San Juan-Argentinos Juniors, \u00c1rbitro: Silvio Trucco (TV)<br \/>\n16.00&#8211; Uni\u00f3n-Atl\u00e9tico Rafaela, \u00c1rbitro: Gabriel Favale (TV)<br \/>\n<strong>18.10&#8211; Independiente-Boca Juniors, \u00c1rbitro: H\u00e9ctor Baldassi (TV)<\/strong><br \/>\n20.15&#8211; Olimpo de Bah\u00eda Blanca-V\u00e9lez Sarsfield, \u00c1rbitro: Germ\u00e1n Delfino (TV)<\/p>\n","protected":false},"excerpt":{"rendered":"<p>La AFA entreg\u00f3 la programaci\u00f3n y los \u00e1rbitros para la 5ta Fecha del Torneo Apertura 2011. Independiente recibe a Boca Juniors en el Libertadores de Am\u00e9rica el domingo 4 de septiembre a las 18.10 con el arbitraje de H\u00e9ctor Baldassi. A continuaci\u00f3n la programaci\u00f3n detallada de la 5ta Fecha del Apertura: Viernes 2 de septiembre [&hellip;]<\/p>\n","protected":false},"author":1,"featured_media":0,"comment_status":"open","ping_status":"open","sticky":false,"template":"","format":"standard","meta":{"_links_to":"","_links_to_target":""},"categories":[3,1],"tags":[972,2820,153,986],"_links":{"self":[{"href":"https:\/\/www.locoxelrojo.com\/independiente\/wp-json\/wp\/v2\/posts\/10638"}],"collection":[{"href":"https:\/\/www.locoxelrojo.com\/independiente\/wp-json\/wp\/v2\/posts"}],"about":[{"href":"https:\/\/www.locoxelrojo.com\/independiente\/wp-json\/wp\/v2\/types\/post"}],"author":[{"embeddable":true,"href":"https:\/\/www.locoxelrojo.com\/independiente\/wp-json\/wp\/v2\/users\/1"}],"replies":[{"embeddable":true,"href":"https:\/\/www.locoxelrojo.com\/independiente\/wp-json\/wp\/v2\/comments?post=10638"}],"version-history":[{"count":0,"href":"https:\/\/www.locoxelrojo.com\/independiente\/wp-json\/wp\/v2\/posts\/10638\/revisions"}],"wp:attachment":[{"href":"https:\/\/www.locoxelrojo.com\/independiente\/wp-json\/wp\/v2\/media?parent=10638"}],"wp:term":[{"taxonomy":"category","embeddable":true,"href":"https:\/\/www.locoxelrojo.com\/independiente\/wp-json\/wp\/v2\/categories?post=10638"},{"taxonomy":"post_tag","embeddable":true,"href":"https:\/\/www.locoxelrojo.com\/independiente\/wp-json\/wp\/v2\/tags?post=10638"}],"curies":[{"name":"wp","href":"https:\/\/api.w.org\/{rel}","templated":true}]}}