{"id":106509,"date":"2022-06-26T16:10:04","date_gmt":"2022-06-26T19:10:04","guid":{"rendered":"https:\/\/www.locoxelrojo.com\/independiente\/?p=106509"},"modified":"2022-06-26T16:10:04","modified_gmt":"2022-06-26T19:10:04","slug":"concentrados-vs-patronato-a-parana-con-dos-ausentes","status":"publish","type":"post","link":"https:\/\/www.locoxelrojo.com\/independiente\/2022\/06\/26\/concentrados-vs-patronato-a-parana-con-dos-ausentes\/","title":{"rendered":"Concentrados vs. Patronato: a Paran\u00e1 con dos ausentes"},"content":{"rendered":"<p>Eduardo Dom\u00ednguez dio la lista de jugadores concentrados para enfrentar a Patronato por la fecha 5 de la Liga Profesional. <strong>Alan So\u00f1ora y Tom\u00e1s Pozzo se quedar\u00e1n en Buenos Aires recuper\u00e1ndose de sus respectivas lesiones. <\/strong><\/p>\n<p><strong>Son 21 los futbolistas que viajar\u00e1n a Paran\u00e1<\/strong> y quedar\u00e1n guardados en el hotel Howard Johnson Mayorazgo. La mala noticia para Dom\u00ednguez es que no podr\u00e1 contar con Pozzo ni So\u00f1ora. <strong>Si bien Toto ven\u00eda yendo al banco en los \u00faltimos partidos, present\u00f3 molestias en la zona<\/strong> y <a href=\"https:\/\/www.locoxelrojo.com\/independiente\/2022\/06\/25\/a-recuperar-el-tobillo\/\">con el visto bueno del cuerpo m\u00e9dico acordaron volver cuando est\u00e9 al 100% de su lesi\u00f3n en el tobillo<\/a>. <strong>En cuanto al 10 del Rojo, viene entrenando diferenciado por su problema en la rodilla<\/strong> y <a href=\"https:\/\/www.locoxelrojo.com\/independiente\/2022\/06\/25\/esa-maldita-rodilla-2\/\">todav\u00eda no est\u00e1 para jugar<\/a>.<strong> El que regresa es Patricio Ostachuk.<\/strong><\/p>\n<h2>Los concentrados:<\/h2>\n<p><strong>Arqueros:<\/strong> Sebasti\u00e1n Sosa, Milton \u00c1lvarez, Renzo Bacchia.<\/p>\n<p><strong>Defensores:<\/strong> Alex Vigo, Sergio Barreto, Juan Manuel Insaurralde, Lucas Rodr\u00edguez, Patricio Ostachuk, Joaqu\u00edn Laso.<\/p>\n<p><strong>Volantes:<\/strong> Lucas Romero, Lucas Gonz\u00e1lez, Ger\u00f3nimo Poblete, Juan Cazares, Iv\u00e1n Marcone, Gast\u00f3n Togni.<\/p>\n<p><strong>Delanteros:<\/strong> Leandro Fern\u00e1ndez, Leandro Benegas, Dami\u00e1n Batallini, Rodrigo M\u00e1rquez, Juli\u00e1n Romero, Santiago Hidalgo.<\/p>\n<blockquote class=\"twitter-tweet\" data-width=\"550\" data-dnt=\"true\">\n<p lang=\"es\" dir=\"ltr\">\ud83d\udccb Concentrados ante Patronato<\/p>\n<p>\ud83d\udccc Tom\u00e1s Pozzo no viajar\u00e1 para completar la recuperaci\u00f3n de su lesi\u00f3n en el tobillo.<\/p>\n<p>Alan So\u00f1ora contin\u00faa recuper\u00e1ndose del traumatismo en su rodilla. <a href=\"https:\/\/t.co\/yfefysTc0K\">pic.twitter.com\/yfefysTc0K<\/a><\/p>\n<p>&mdash; C. A. Independiente (@Independiente) <a href=\"https:\/\/twitter.com\/Independiente\/status\/1541111706839138311?ref_src=twsrc%5Etfw\">June 26, 2022<\/a><\/p><\/blockquote>\n<p><script async src=\"https:\/\/platform.twitter.com\/widgets.js\" charset=\"utf-8\"><\/script><\/p>\n","protected":false},"excerpt":{"rendered":"<p>Eduardo Dom\u00ednguez dio la lista de jugadores concentrados para enfrentar a Patronato por la fecha 5 de la Liga Profesional. Alan So\u00f1ora y Tom\u00e1s Pozzo se quedar\u00e1n en Buenos Aires recuper\u00e1ndose de sus respectivas lesiones. Son 21 los futbolistas que viajar\u00e1n a Paran\u00e1 y quedar\u00e1n guardados en el hotel Howard Johnson Mayorazgo. La mala noticia [&hellip;]<\/p>\n","protected":false},"author":1,"featured_media":106510,"comment_status":"open","ping_status":"closed","sticky":false,"template":"","format":"standard","meta":{"_links_to":"","_links_to_target":""},"categories":[3247,3],"tags":[4121,153,3087,2207,5193,4739,2461,4255],"_links":{"self":[{"href":"https:\/\/www.locoxelrojo.com\/independiente\/wp-json\/wp\/v2\/posts\/106509"}],"collection":[{"href":"https:\/\/www.locoxelrojo.com\/independiente\/wp-json\/wp\/v2\/posts"}],"about":[{"href":"https:\/\/www.locoxelrojo.com\/independiente\/wp-json\/wp\/v2\/types\/post"}],"author":[{"embeddable":true,"href":"https:\/\/www.locoxelrojo.com\/independiente\/wp-json\/wp\/v2\/users\/1"}],"replies":[{"embeddable":true,"href":"https:\/\/www.locoxelrojo.com\/independiente\/wp-json\/wp\/v2\/comments?post=106509"}],"version-history":[{"count":1,"href":"https:\/\/www.locoxelrojo.com\/independiente\/wp-json\/wp\/v2\/posts\/106509\/revisions"}],"predecessor-version":[{"id":106511,"href":"https:\/\/www.locoxelrojo.com\/independiente\/wp-json\/wp\/v2\/posts\/106509\/revisions\/106511"}],"wp:featuredmedia":[{"embeddable":true,"href":"https:\/\/www.locoxelrojo.com\/independiente\/wp-json\/wp\/v2\/media\/106510"}],"wp:attachment":[{"href":"https:\/\/www.locoxelrojo.com\/independiente\/wp-json\/wp\/v2\/media?parent=106509"}],"wp:term":[{"taxonomy":"category","embeddable":true,"href":"https:\/\/www.locoxelrojo.com\/independiente\/wp-json\/wp\/v2\/categories?post=106509"},{"taxonomy":"post_tag","embeddable":true,"href":"https:\/\/www.locoxelrojo.com\/independiente\/wp-json\/wp\/v2\/tags?post=106509"}],"curies":[{"name":"wp","href":"https:\/\/api.w.org\/{rel}","templated":true}]}}