{"id":106513,"date":"2022-06-26T20:00:55","date_gmt":"2022-06-26T23:00:55","guid":{"rendered":"https:\/\/www.locoxelrojo.com\/independiente\/?p=106513"},"modified":"2022-06-26T21:09:54","modified_gmt":"2022-06-27T00:09:54","slug":"asi-llega-patronato-6","status":"publish","type":"post","link":"https:\/\/www.locoxelrojo.com\/independiente\/2022\/06\/26\/asi-llega-patronato-6\/","title":{"rendered":"As\u00ed llega Patronato"},"content":{"rendered":"<p><strong>Independiente y Patronato se ver\u00e1n las caras en Paran\u00e1 este lunes a partir de las 15:30 por la fecha 5 de la Liga Profesional.\u00a0<\/strong><\/p>\n<p>El Patr\u00f3n <strong>viene de vencer a Col\u00f3n<\/strong> <strong>por penales en la Copa Argentina<\/strong> luego de igualar <strong>1-1<\/strong>, pero <strong>perdi\u00f3 su \u00faltimo partido por la Liga Profesional<\/strong> frente a <strong>Sarmiento por 3 a 1<\/strong> en Jun\u00edn.<\/p>\n<p>Actualmente se encuentra en la <strong>posici\u00f3n 24<\/strong> de la Liga Profesional con <strong>4 puntos,<\/strong> y en el <strong>\u00faltimo lugar de la tabla anual.<\/strong> Pero lo que m\u00e1s preocupa al equipo entrerriano son los descensos, ya que se encuentra <strong>\u00faltimo en la tabla de promedios<\/strong> y con una <strong>diferencia considerable<\/strong> frente al resto.<\/p>\n<p>Fernando Sava deber\u00e1 realizar <strong>dos cambios obligados<\/strong> <strong>por las suspensiones de Diego Garc\u00eda y Leonel Mosevich.<\/strong> Adem\u00e1s, <strong>Carlos Quintana y Jonathan Herrera<\/strong> se encuentran <strong>en duda<\/strong> por sus lesiones.<\/p>\n<p>Teniendo en cuenta estas situaciones, y los cambios que present\u00f3 el entrenador en sus entrenamientos, posiblemente <strong>Juan Cruz Guasone ingrese por Mosevich y Francisco \u00c1lvarez por Quintana.<\/strong> Por otro lado, si no se recuperan de sus lesiones, Garc\u00eda ser\u00eda reemplazado por<strong> Jonas Acevedo<\/strong> y Herrera por<strong> Marcelo Estigarribia.<\/strong><\/p>\n<p><strong>El posible once de Patronato: <\/strong>Facundo Altamirano; Ra\u00fal Lozano, Juan Cruz Guasone, Francisco \u00c1lvarez, Facundo Cobos; Jonas Acevedo, Franco Leys, Nicol\u00e1s Castro, Sebasti\u00e1n Medina; Alex Rodr\u00edguez, Marcelo Estigarribia.<\/p>\n","protected":false},"excerpt":{"rendered":"<p>Independiente y Patronato se ver\u00e1n las caras en Paran\u00e1 este lunes a partir de las 15:30 por la fecha 5 de la Liga Profesional.\u00a0 El Patr\u00f3n viene de vencer a Col\u00f3n por penales en la Copa Argentina luego de igualar 1-1, pero perdi\u00f3 su \u00faltimo partido por la Liga Profesional frente a Sarmiento por 3 [&hellip;]<\/p>\n","protected":false},"author":101030,"featured_media":106515,"comment_status":"open","ping_status":"closed","sticky":false,"template":"","format":"standard","meta":{"_links_to":"","_links_to_target":""},"categories":[1990,3247],"tags":[153,5193,2461],"_links":{"self":[{"href":"https:\/\/www.locoxelrojo.com\/independiente\/wp-json\/wp\/v2\/posts\/106513"}],"collection":[{"href":"https:\/\/www.locoxelrojo.com\/independiente\/wp-json\/wp\/v2\/posts"}],"about":[{"href":"https:\/\/www.locoxelrojo.com\/independiente\/wp-json\/wp\/v2\/types\/post"}],"author":[{"embeddable":true,"href":"https:\/\/www.locoxelrojo.com\/independiente\/wp-json\/wp\/v2\/users\/101030"}],"replies":[{"embeddable":true,"href":"https:\/\/www.locoxelrojo.com\/independiente\/wp-json\/wp\/v2\/comments?post=106513"}],"version-history":[{"count":1,"href":"https:\/\/www.locoxelrojo.com\/independiente\/wp-json\/wp\/v2\/posts\/106513\/revisions"}],"predecessor-version":[{"id":106516,"href":"https:\/\/www.locoxelrojo.com\/independiente\/wp-json\/wp\/v2\/posts\/106513\/revisions\/106516"}],"wp:featuredmedia":[{"embeddable":true,"href":"https:\/\/www.locoxelrojo.com\/independiente\/wp-json\/wp\/v2\/media\/106515"}],"wp:attachment":[{"href":"https:\/\/www.locoxelrojo.com\/independiente\/wp-json\/wp\/v2\/media?parent=106513"}],"wp:term":[{"taxonomy":"category","embeddable":true,"href":"https:\/\/www.locoxelrojo.com\/independiente\/wp-json\/wp\/v2\/categories?post=106513"},{"taxonomy":"post_tag","embeddable":true,"href":"https:\/\/www.locoxelrojo.com\/independiente\/wp-json\/wp\/v2\/tags?post=106513"}],"curies":[{"name":"wp","href":"https:\/\/api.w.org\/{rel}","templated":true}]}}