{"id":10656,"date":"2011-08-31T23:01:06","date_gmt":"2011-09-01T02:01:06","guid":{"rendered":"http:\/\/www.locoxelrojo.com.ar\/independiente\/?p=10656"},"modified":"2015-09-15T20:38:29","modified_gmt":"2015-09-15T23:38:29","slug":"rodriguez-volveria-en-3-semanas","status":"publish","type":"post","link":"https:\/\/www.locoxelrojo.com\/independiente\/2011\/08\/31\/rodriguez-volveria-en-3-semanas\/","title":{"rendered":"Patricio Rodr\u00edguez volver\u00eda en tres semanas"},"content":{"rendered":"<p><a href=\"http:\/\/www.locoxelrojo.com.ar\/independiente\/wp-content\/uploads\/2011\/08\/Pato.png\"><img loading=\"lazy\" class=\"alignnone size-full wp-image-10661\" title=\"Pato Rodriguez\" src=\"http:\/\/www.locoxelrojo.com.ar\/independiente\/wp-content\/uploads\/2011\/08\/Pato.png\" alt=\"\" width=\"590\" height=\"315\" srcset=\"https:\/\/locoxelrojo.com\/independiente\/wp-content\/uploads\/2011\/08\/Pato.png 590w, https:\/\/locoxelrojo.com\/independiente\/wp-content\/uploads\/2011\/08\/Pato-300x160.png 300w\" sizes=\"(max-width: 590px) 100vw, 590px\" \/><\/a><\/p>\n<p><strong>Patricio Rodr\u00edguez <\/strong>dialog\u00f3 en exclusiva para <strong>Radio del Plata <\/strong>donde, entre algunas cosas, disip\u00f3 el rumor que dec\u00eda que se hab\u00eda especulado con su operaci\u00f3n con respecto a alguna posible venta al exterior.<\/p>\n<p><strong>\u201cEn 15, 20 d\u00edas voy a poder estar volviendo a hacer futbol normalmente\u201d<\/strong>, explic\u00f3 el Pato, quien fue operado de una artroscopia por un s\u00edndrome meniscal en su rodilla derecha despu\u00e9s del partido en Jap\u00f3n, en el cual s\u00f3lo jug\u00f3 un tiempo. Cuando el plantel volvi\u00f3 de la gira, mediante una charla se lleg\u00f3 a la conclusi\u00f3n que Patricio deb\u00eda ser operado, porque as\u00ed no pod\u00eda jugar m\u00e1s y se especula que para el partido contra Col\u00f3n, ya podr\u00eda volver al equipo.<\/p>\n<p>Sin temor, Rodr\u00edguez dispar\u00f3 contra Cristian Mattera, el secretario general del club, qui\u00e9n habr\u00eda dicho que el 10 no quer\u00eda permanecer m\u00e1s en el Rojo: <strong>&#8220;Me molest\u00f3 que Mattera especule con que me quer\u00eda ir del club\u2026 Julio Comparada sab\u00eda de mis deseos de quedarme sea cual sea la oferta. Dijeron que yo ten\u00eda muchas ganar de irme, pero por suerte lo pude aclarar y dije que no era as\u00ed\u201d<\/strong>, explic\u00f3 y agreg\u00f3 que la operaci\u00f3n fue realizada despu\u00e9s de la Suruga porque <strong>&#8220;ten\u00eda miedo de no poder jugar en Jap\u00f3n ni la vuelta con el Inter\u201d,<\/strong> aunque despu\u00e9s se dieron cuenta que si la intervenci\u00f3n quir\u00fargica se realizaba apenas terminado el torneo, Rodr\u00edguez llegaba bien para ambos partidos.<\/p>\n<p>Para el Pato, Antonio Mohamed fue el t\u00e9cnico que <strong>\u201cm\u00e1s jugo le sac\u00f3\u201d<\/strong>, ya que entendi\u00f3 que le gusta jugar de extremo por derecha en vez de enganche y aclar\u00f3 que en Jap\u00f3n solamente estaba 3kg por encima de su peso ideal: <strong>\u201cTen\u00eda hinchada la cara nada m\u00e1s\u201d<\/strong><\/p>\n<p>Con respecto al ingreso de Lucas Villafa\u00f1ez para el partido con Boca, opin\u00f3 que lo mejor es dejar que el pibe de las inferiores demuestre todo su potencial solo, ya a que <strong>\u201ces un gran jugador\u201d<\/strong><\/p>\n<p>Finalmente, Patricio gambete\u00f3 la pregunta clave\u2026 si a fin de a\u00f1o dejar\u00eda de ser jugar de Independiente: <strong>\u201cNo s\u00e9 si me despido a fin de a\u00f1o. Estoy ansioso por jugar de vuelta y tener chance en la Selecci\u00f3n local\u201d<\/strong><\/p>\n<p><strong><em>Mir\u00e1 la nota completa en video: Parte 1 y Parte 2.<\/em><br \/>\n<\/strong><\/p>\n<p><object width=\"590\" height=\"333\" classid=\"clsid:d27cdb6e-ae6d-11cf-96b8-444553540000\" codebase=\"http:\/\/download.macromedia.com\/pub\/shockwave\/cabs\/flash\/swflash.cab#version=6,0,40,0\"><param name=\"allowFullScreen\" value=\"true\" \/><param name=\"allowscriptaccess\" value=\"always\" \/><param name=\"src\" value=\"http:\/\/www.youtube.com\/v\/AxUuRyFVUXA?version=3&amp;hl=es_ES\" \/><param name=\"allowfullscreen\" value=\"true\" \/><embed type=\"application\/x-shockwave-flash\" width=\"590\" height=\"333\" src=\"http:\/\/www.youtube.com\/v\/AxUuRyFVUXA?version=3&amp;hl=es_ES\" allowscriptaccess=\"always\" allowfullscreen=\"true\"><\/embed><\/object><\/p>\n<p><object width=\"590\" height=\"333\" classid=\"clsid:d27cdb6e-ae6d-11cf-96b8-444553540000\" codebase=\"http:\/\/download.macromedia.com\/pub\/shockwave\/cabs\/flash\/swflash.cab#version=6,0,40,0\"><param name=\"allowFullScreen\" value=\"true\" \/><param name=\"allowscriptaccess\" value=\"always\" \/><param name=\"src\" value=\"http:\/\/www.youtube.com\/v\/Uwxyfb_TfAU?version=3&amp;hl=es_ES\" \/><param name=\"allowfullscreen\" value=\"true\" \/><embed type=\"application\/x-shockwave-flash\" width=\"590\" height=\"333\" src=\"http:\/\/www.youtube.com\/v\/Uwxyfb_TfAU?version=3&amp;hl=es_ES\" allowscriptaccess=\"always\" allowfullscreen=\"true\"><\/embed><\/object><\/p>\n<p><strong><br \/>\n<\/strong><\/p>\n","protected":false},"excerpt":{"rendered":"<p>Patricio Rodr\u00edguez dialog\u00f3 en exclusiva para Radio del Plata donde, entre algunas cosas, disip\u00f3 el rumor que dec\u00eda que se hab\u00eda especulado con su operaci\u00f3n con respecto a alguna posible venta al exterior. \u201cEn 15, 20 d\u00edas voy a poder estar volviendo a hacer futbol normalmente\u201d, explic\u00f3 el Pato, quien fue operado de una artroscopia [&hellip;]<\/p>\n","protected":false},"author":1,"featured_media":0,"comment_status":"open","ping_status":"open","sticky":false,"template":"","format":"standard","meta":{"_links_to":"","_links_to_target":""},"categories":[3,1],"tags":[153,41],"_links":{"self":[{"href":"https:\/\/www.locoxelrojo.com\/independiente\/wp-json\/wp\/v2\/posts\/10656"}],"collection":[{"href":"https:\/\/www.locoxelrojo.com\/independiente\/wp-json\/wp\/v2\/posts"}],"about":[{"href":"https:\/\/www.locoxelrojo.com\/independiente\/wp-json\/wp\/v2\/types\/post"}],"author":[{"embeddable":true,"href":"https:\/\/www.locoxelrojo.com\/independiente\/wp-json\/wp\/v2\/users\/1"}],"replies":[{"embeddable":true,"href":"https:\/\/www.locoxelrojo.com\/independiente\/wp-json\/wp\/v2\/comments?post=10656"}],"version-history":[{"count":0,"href":"https:\/\/www.locoxelrojo.com\/independiente\/wp-json\/wp\/v2\/posts\/10656\/revisions"}],"wp:attachment":[{"href":"https:\/\/www.locoxelrojo.com\/independiente\/wp-json\/wp\/v2\/media?parent=10656"}],"wp:term":[{"taxonomy":"category","embeddable":true,"href":"https:\/\/www.locoxelrojo.com\/independiente\/wp-json\/wp\/v2\/categories?post=10656"},{"taxonomy":"post_tag","embeddable":true,"href":"https:\/\/www.locoxelrojo.com\/independiente\/wp-json\/wp\/v2\/tags?post=10656"}],"curies":[{"name":"wp","href":"https:\/\/api.w.org\/{rel}","templated":true}]}}