{"id":106568,"date":"2022-06-28T20:47:06","date_gmt":"2022-06-28T23:47:06","guid":{"rendered":"https:\/\/www.locoxelrojo.com\/independiente\/?p=106568"},"modified":"2022-06-28T21:45:55","modified_gmt":"2022-06-29T00:45:55","slug":"los-tres-jugadores-que-analiza-eduardo-dominguez","status":"publish","type":"post","link":"https:\/\/www.locoxelrojo.com\/independiente\/2022\/06\/28\/los-tres-jugadores-que-analiza-eduardo-dominguez\/","title":{"rendered":"Los tres jugadores que analiza Eduardo Dom\u00ednguez"},"content":{"rendered":"<p><strong>En las \u00faltimas horas fueron ofrecidos tres futbolistas a Independiente.<\/strong> Juegan en posiciones que busca el entrenador Eduardo Dom\u00ednguez.<\/p>\n<p>Independiente necesita refuerzos de manera urgente. Es la mayor preocupaci\u00f3n de los integrantes de la Secretar\u00eda T\u00e9cnica y de todo el Cuerpo T\u00e9cnico. Hasta el momento el \u00fanico jugador que lleg\u00f3 al club fue Iv\u00e1n Marcone, pero no alcanza. <strong>Entre los cientos de ofrecimientos hubo tres que llamaron la atenci\u00f3n: El\u00edas Pereyra, Gabriel Hachen y Lucas Gamba. <\/strong><\/p>\n<p><strong>Pereyra<\/strong> es un lateral izquierdo de 23 a\u00f1os que surgi\u00f3 de San Lorenzo. Pas\u00f3 por el Benfica B de Portugal y <strong>su \u00faltimo paso es en Panetolikos de Grecia, donde disput\u00f3 34 partidos en las temporadas 20\/21 y 21\/22.<\/strong> Dom\u00ednguez quiere s\u00ed o s\u00ed una alternativa para Lucas Rodr\u00edguez.<\/p>\n<p><strong>Hachen<\/strong> es un volante zurdo de 31 a\u00f1os que <strong>queda libre de Defensa y Justicia, donde jug\u00f3 77 encuentros y convirti\u00f3 7 goles<\/strong>. Tambi\u00e9n tiene un inter\u00e9s del Everton de Chile.<\/p>\n<p><strong>Gamba<\/strong>, de 35 a\u00f1os, anunci\u00f3 d\u00edas atr\u00e1s que no va a seguir en Rosario Central donde queda libre el 30 de junio. <strong>Visti\u00f3 la camiseta del Canalla en 88 oportunidades y convirti\u00f3 14 tantos. <\/strong><\/p>\n","protected":false},"excerpt":{"rendered":"<p>En las \u00faltimas horas fueron ofrecidos tres futbolistas a Independiente. Juegan en posiciones que busca el entrenador Eduardo Dom\u00ednguez. Independiente necesita refuerzos de manera urgente. Es la mayor preocupaci\u00f3n de los integrantes de la Secretar\u00eda T\u00e9cnica y de todo el Cuerpo T\u00e9cnico. Hasta el momento el \u00fanico jugador que lleg\u00f3 al club fue Iv\u00e1n Marcone, [&hellip;]<\/p>\n","protected":false},"author":1,"featured_media":105710,"comment_status":"open","ping_status":"closed","sticky":false,"template":"","format":"standard","meta":{"_links_to":"","_links_to_target":""},"categories":[3280,3247],"tags":[153,2207,5218,5217,2588],"_links":{"self":[{"href":"https:\/\/www.locoxelrojo.com\/independiente\/wp-json\/wp\/v2\/posts\/106568"}],"collection":[{"href":"https:\/\/www.locoxelrojo.com\/independiente\/wp-json\/wp\/v2\/posts"}],"about":[{"href":"https:\/\/www.locoxelrojo.com\/independiente\/wp-json\/wp\/v2\/types\/post"}],"author":[{"embeddable":true,"href":"https:\/\/www.locoxelrojo.com\/independiente\/wp-json\/wp\/v2\/users\/1"}],"replies":[{"embeddable":true,"href":"https:\/\/www.locoxelrojo.com\/independiente\/wp-json\/wp\/v2\/comments?post=106568"}],"version-history":[{"count":1,"href":"https:\/\/www.locoxelrojo.com\/independiente\/wp-json\/wp\/v2\/posts\/106568\/revisions"}],"predecessor-version":[{"id":106577,"href":"https:\/\/www.locoxelrojo.com\/independiente\/wp-json\/wp\/v2\/posts\/106568\/revisions\/106577"}],"wp:featuredmedia":[{"embeddable":true,"href":"https:\/\/www.locoxelrojo.com\/independiente\/wp-json\/wp\/v2\/media\/105710"}],"wp:attachment":[{"href":"https:\/\/www.locoxelrojo.com\/independiente\/wp-json\/wp\/v2\/media?parent=106568"}],"wp:term":[{"taxonomy":"category","embeddable":true,"href":"https:\/\/www.locoxelrojo.com\/independiente\/wp-json\/wp\/v2\/categories?post=106568"},{"taxonomy":"post_tag","embeddable":true,"href":"https:\/\/www.locoxelrojo.com\/independiente\/wp-json\/wp\/v2\/tags?post=106568"}],"curies":[{"name":"wp","href":"https:\/\/api.w.org\/{rel}","templated":true}]}}